{"id":32622,"date":"2025-05-31T13:17:21","date_gmt":"2025-05-31T10:17:21","guid":{"rendered":"https:\/\/www.egemtv.com\/?p=32622"},"modified":"2025-05-31T13:17:27","modified_gmt":"2025-05-31T10:17:27","slug":"izmirde-grevde-3-gun","status":"publish","type":"post","link":"https:\/\/www.egemtv.com\/?p=32622","title":{"rendered":"\u0130zmir\u2019de grevde 3. g\u00fcn"},"content":{"rendered":"<p>Toplu i\u015f s\u00f6zle\u015fmesi g\u00f6r\u00fc\u015fmelerinin t\u0131kanmas\u0131 ile 23 bin \u0130zmir B\u00fcy\u00fck\u015fehir Belediye i\u015f\u00e7isinin ba\u015flatt\u0131\u011f\u0131 grev 3\u2019\u00fcnc\u00fc g\u00fcn\u00fcne girdi. \u0130ZSU Hizmet Binas\u0131 \u00f6n\u00fcnden y\u00fcr\u00fcy\u00fc\u015fe ge\u00e7en binlerce i\u015f\u00e7i y\u00fcr\u00fcy\u00fc\u015f yaparken, grevden dolay\u0131 kent temizli\u011fi biriminde \u00e7al\u0131\u015fan i\u015f\u00e7iler de hizmet durdurdu; Kordon\u2019da \u00e7\u00f6pler sokaklarda birikti.<br \/>\n<br \/>\u0130zmir B\u00fcy\u00fck\u015fehir Belediyesi ile D\u0130SK Genel-\u0130\u015f aras\u0131nda 23 bin \u00e7al\u0131\u015fan\u0131 ilgilendiren toplu i\u015f s\u00f6zle\u015fmesi g\u00f6r\u00fc\u015fmeleri t\u0131kan\u0131nca, \u0130ZELMAN, \u0130ZENERJ\u0130 ve Ege\u015fehir\u2019de \u00e7al\u0131\u015fan 23 bin i\u015f\u00e7i greve gitti. Ba\u015fta ula\u015f\u0131m olmak \u00fczere bir\u00e7ok hizmetin durma noktas\u0131na geldi\u011fi grevin 3\u2019\u00fcnc\u00fc g\u00fcn\u00fcnde i\u015f\u00e7iler, bug\u00fcn \u0130ZSU Hizmet Binas\u0131 \u00f6n\u00fcnde bir araya geldi. Buradan K\u00fclt\u00fcrpark\u2019a y\u00fcr\u00fcyen binlerce i\u015f\u00e7i sloganlarla taleplerini dile getirdi. Y\u00fcr\u00fcy\u00fc\u015f nedeniyle Mustafa Kemal Sahil Bulvar\u0131 ve Fevzipa\u015fa Bulvar\u0131 bir s\u00fcreli\u011fine trafi\u011fe kapat\u0131ld\u0131.<\/p>\n<p>Kordon \u00e7\u00f6ple doldu<br \/>\n<br \/>Kentte ESHOT otob\u00fcslerinin tamam\u0131na yak\u0131n\u0131 kontak kapat\u0131rken b\u00fcy\u00fck\u015fehir belediyesinin hizmetleri neredeyse tamamen durdu. Grevin etkili oldu\u011fu birimlerden biri de Kent Temizli\u011fi \u015eube M\u00fcd\u00fcrl\u00fc\u011f\u00fc oldu. \u0130\u015f\u00e7ilerin grevde olmas\u0131 nedeniyle \u00e7\u00f6pler toplanmazken, \u0130zmir\u2019in kalbi say\u0131lan Kordon, toplanmayan \u00e7\u00f6plerle doldu.<\/p>\n<p>Ba\u015fkan Tugay\u2019dan yeni teklif<br \/>\n<br \/>\u00d6te yandan, \u0130zmir B\u00fcy\u00fck\u015fehir Belediye Ba\u015fkan\u0131 Cemil Tugay, 23 bin \u00e7al\u0131\u015fan\u0131n greve \u00e7\u0131kmas\u0131 ve toplu ta\u015f\u0131mada aksamalar ya\u015fanmas\u0131 sonras\u0131 yetkili sendika olan D\u0130SK\u2019e ba\u011fl\u0131 Genel-\u0130\u015f\u2019e yeni bir maa\u015f \u00f6nerisinde bulundu. Tugay, &#8220;Ayl\u0131k net \u00fccret olarak 65 bin lira\u2019dan ba\u015flayan, 80 bin lira\u2019ya ula\u015fan rakamlar\u0131 \u00f6deyelim. \u00dcst\u00fcne eyl\u00fcl ay\u0131nda bu art\u0131\u015fa y\u00fczde 10 daha ekleyelim: Bu da en az 71 bin 500 lira\u2019dan 88 bin lira\u2019ya kadar ayl\u0131k net \u00fccret anlam\u0131na gelecektir&#8221; dedi.<br \/><\/p>\n","protected":false},"excerpt":{"rendered":"<p>Toplu i\u015f s\u00f6zle\u015fmesi g\u00f6r\u00fc\u015fmelerinin t\u0131kanmas\u0131 ile 23 bin \u0130zmir B\u00fcy\u00fck\u015fehir Belediye i\u015f\u00e7isinin ba\u015flatt\u0131\u011f\u0131 grev 3\u2019\u00fcnc\u00fc g\u00fcn\u00fcne girdi. \u0130ZSU Hizmet Binas\u0131 \u00f6n\u00fcnden y\u00fcr\u00fcy\u00fc\u015fe ge\u00e7en binlerce i\u015f\u00e7i y\u00fcr\u00fcy\u00fc\u015f yaparken, grevden dolay\u0131 kent temizli\u011fi biriminde \u00e7al\u0131\u015fan i\u015f\u00e7iler de hizmet durdurdu; Kordon\u2019da \u00e7\u00f6pler sokaklarda birikti. \u0130zmir B\u00fcy\u00fck\u015fehir Belediyesi ile D\u0130SK Genel-\u0130\u015f aras\u0131nda 23 bin \u00e7al\u0131\u015fan\u0131 ilgilendiren toplu i\u015f s\u00f6zle\u015fmesi&#8230;<\/p>\n","protected":false},"author":1,"featured_media":32623,"comment_status":"open","ping_status":"open","sticky":false,"template":"","format":"standard","meta":{"_crdt_document":"","footnotes":""},"categories":[1],"tags":[],"class_list":["post-32622","post","type-post","status-publish","format-standard","has-post-thumbnail","hentry","category-guncel"],"_links":{"self":[{"href":"https:\/\/www.egemtv.com\/index.php?rest_route=\/wp\/v2\/posts\/32622","targetHints":{"allow":["GET"]}}],"collection":[{"href":"https:\/\/www.egemtv.com\/index.php?rest_route=\/wp\/v2\/posts"}],"about":[{"href":"https:\/\/www.egemtv.com\/index.php?rest_route=\/wp\/v2\/types\/post"}],"author":[{"embeddable":true,"href":"https:\/\/www.egemtv.com\/index.php?rest_route=\/wp\/v2\/users\/1"}],"replies":[{"embeddable":true,"href":"https:\/\/www.egemtv.com\/index.php?rest_route=%2Fwp%2Fv2%2Fcomments&post=32622"}],"version-history":[{"count":1,"href":"https:\/\/www.egemtv.com\/index.php?rest_route=\/wp\/v2\/posts\/32622\/revisions"}],"predecessor-version":[{"id":32624,"href":"https:\/\/www.egemtv.com\/index.php?rest_route=\/wp\/v2\/posts\/32622\/revisions\/32624"}],"wp:featuredmedia":[{"embeddable":true,"href":"https:\/\/www.egemtv.com\/index.php?rest_route=\/wp\/v2\/media\/32623"}],"wp:attachment":[{"href":"https:\/\/www.egemtv.com\/index.php?rest_route=%2Fwp%2Fv2%2Fmedia&parent=32622"}],"wp:term":[{"taxonomy":"category","embeddable":true,"href":"https:\/\/www.egemtv.com\/index.php?rest_route=%2Fwp%2Fv2%2Fcategories&post=32622"},{"taxonomy":"post_tag","embeddable":true,"href":"https:\/\/www.egemtv.com\/index.php?rest_route=%2Fwp%2Fv2%2Ftags&post=32622"}],"curies":[{"name":"wp","href":"https:\/\/api.w.org\/{rel}","templated":true}]}}