{"id":32616,"date":"2025-05-31T12:37:02","date_gmt":"2025-05-31T09:37:02","guid":{"rendered":"https:\/\/www.egemtv.com\/?p=32616"},"modified":"2025-05-31T12:37:06","modified_gmt":"2025-05-31T09:37:06","slug":"fethiye-rodos-seferleri-basladi","status":"publish","type":"post","link":"https:\/\/www.egemtv.com\/?p=32616","title":{"rendered":"Fethiye-Rodos seferleri ba\u015flad\u0131"},"content":{"rendered":"<p>Mu\u011fla B\u00fcy\u00fck\u015fehir Belediyesi ve \u0130DO i\u015f birli\u011fiyle hayata ge\u00e7irilen Fethiye-Rodos deniz otob\u00fcs\u00fc seferleri bug\u00fcn ba\u015flad\u0131. Mu\u011fla B\u00fcy\u00fck\u015fehir Belediyesi \u00fclke turizmine \u00f6nemli katk\u0131 sunacak bir projeyi daha hayata ge\u00e7irdi. Mu\u011fla B\u00fcy\u00fck\u015fehir Belediyesi i\u015ftiraki MUTTA\u015e ve \u0130DO i\u015f birli\u011fi ile Fethiye-Rodos deniz otob\u00fcs\u00fc seferleri bug\u00fcn 08.30\u2019da Fethiye\u2019den hareketle ba\u015flad\u0131.<br \/>\n<br \/>Fethiye-Rodos hatt\u0131nda 436 yolcu kapasiteli deniz otob\u00fcs\u00fcyle ba\u015flat\u0131lan seferlerle, deniz yolu ula\u015f\u0131m\u0131n\u0131n yayg\u0131nla\u015ft\u0131r\u0131lmas\u0131 hedefleniyor.  B\u00fcy\u00fck\u015fehir Belediyesi ile \u0130DO i\u015f birli\u011finde ba\u015flat\u0131lan 436 ki\u015filik seferlerle, Fethiye-Rodos hatt\u0131nda bug\u00fcne kadarki en y\u00fcksek yolcu kapasitesine ula\u015f\u0131lm\u0131\u015f olacak.<br \/>\n<br \/>Vizesiz Rodos f\u0131rsat\u0131<br \/>\n<br \/>Seferler Haziran ve Eyl\u00fcl aylar\u0131nda haftan\u0131n 4 g\u00fcn\u00fc, Temmuz ve A\u011fustos aylar\u0131nda ise her g\u00fcn d\u00fczenlenecek. Sefer s\u00fcresi tahmini olarak yakla\u015f\u0131k 2 saat s\u00fcrecek. Fethiye\u2019den 08.30\u2019da, Rodos\u2019tan 17.30\u2019da hareket edilecek. Bilet sat\u0131\u015flar\u0131, 25 May\u0131s 2025 tarihinden itibaren \u0130DO\u2019nun resmi internet adresi www.ido.com.tr \u00fczerinden ba\u015flad\u0131. Yunanistan\u2019\u0131n yaz sezonunda sundu\u011fu kap\u0131da vize kolayl\u0131\u011f\u0131 sayesinde T\u00fcrk vatanda\u015flar\u0131 Schengen vizesi almadan Rodos\u2019u ziyaret etme imk\u00e2n\u0131 sunulmu\u015f olacak.<br \/>\n<br \/>Fethiye-Rodos deniz otob\u00fcs\u00fc bilet fiyatlar\u0131 belli oldu<br \/>\n<br \/>Yolcular, gidi\u015f-d\u00f6n\u00fc\u015f ve tek y\u00f6n bilet se\u00e7enekleriyle farkl\u0131 fiyatlardan yararlanabilecek. Tarifeye g\u00f6re, yeti\u015fkinler i\u00e7in gidi\u015f-d\u00f6n\u00fc\u015f a\u00e7\u0131k bilet (open return) 85 Euro, ayn\u0131 g\u00fcn d\u00f6n\u00fc\u015f biletleri ise 70 euro olarak belirlendi. Tek y\u00f6n bilet almak isteyen yeti\u015fkinler ise 45 Euro \u00f6deyecek. \u00c7ocuk yolcular (6-12 ya\u015f) i\u00e7in gidi\u015f-d\u00f6n\u00fc\u015f a\u00e7\u0131k bilet fiyat\u0131 45 Euro, ayn\u0131 g\u00fcn d\u00f6n\u00fc\u015f bilet fiyat\u0131 40 Euro, tek y\u00f6n bilet fiyat\u0131 ise 35 Euro olarak duyuruldu. Bebekler (0-6 ya\u015f) i\u00e7in ise t\u00fcm bilet t\u00fcrlerinde \u00fccret sabit tutuldu ve 10 Euro olarak belirlendi. Liman vergilerinin bilet fiyatlar\u0131na dahil olmad\u0131\u011f\u0131 bildirildi. Ayr\u0131ca kamu \u00e7al\u0131\u015fanlar\u0131 i\u00e7in indirim uygulanacak.<br \/>\n<br \/>Ba\u015fkan Aras; &#8220;Fethiye-Rodos seferleri iki \u00fclkeyi birbirine yakla\u015ft\u0131racak&#8221;<br \/>\n<br \/>K\u0131y\u0131 Ege Belediyeler Birli\u011fi ve Mu\u011fla B\u00fcy\u00fck\u015fehir Belediye Ba\u015fkan\u0131 Ahmet Aras ge\u00e7en y\u0131l 1 Temmuz Denizcilik ve Kabotaj Bayram\u0131\u2019nda Bodrum-Didim, Marmaris-Fethiye deniz otob\u00fcs\u00fc seferlerini ba\u015flatt\u0131klar\u0131n\u0131, Fethiye-Rodos seferlerini de bu y\u0131l ba\u015flatarak deniz ula\u015f\u0131m\u0131na b\u00fcy\u00fck \u00f6nem verdiklerini belirtti. Ba\u015fkan Aras; &#8220;Etraf\u0131 denizlerle \u00e7evrili, mavi yolculu\u011fun ilk adresi olan Mu\u011fla\u2019m\u0131zda denizlerimizi ula\u015f\u0131mda da \u00f6nemli hale getirdik. Fethiye-Rodos seferleri sadece ula\u015f\u0131m alan\u0131nda de\u011fil, sosyal ve k\u00fclt\u00fcrel anlamda da iki \u00fclkeyi birbirine yakla\u015ft\u0131racak. Vatanda\u015flar\u0131m\u0131z \u00f6zellikle yaz sezonunda Fethiye\u2019mizden Rodos\u2019a g\u00fcn\u00fcbirlik konforlu yolculuk yapabilecek. D\u00fcnya Kenti Mu\u011fla\u2019m\u0131z\u0131 uluslararas\u0131 arenada tan\u0131tan hizmetlere devam edece\u011fiz&#8221; dedi.<br \/><\/p>\n","protected":false},"excerpt":{"rendered":"<p>Mu\u011fla B\u00fcy\u00fck\u015fehir Belediyesi ve \u0130DO i\u015f birli\u011fiyle hayata ge\u00e7irilen Fethiye-Rodos deniz otob\u00fcs\u00fc seferleri bug\u00fcn ba\u015flad\u0131. Mu\u011fla B\u00fcy\u00fck\u015fehir Belediyesi \u00fclke turizmine \u00f6nemli katk\u0131 sunacak bir projeyi daha hayata ge\u00e7irdi. Mu\u011fla B\u00fcy\u00fck\u015fehir Belediyesi i\u015ftiraki MUTTA\u015e ve \u0130DO i\u015f birli\u011fi ile Fethiye-Rodos deniz otob\u00fcs\u00fc seferleri bug\u00fcn 08.30\u2019da Fethiye\u2019den hareketle ba\u015flad\u0131. Fethiye-Rodos hatt\u0131nda 436 yolcu kapasiteli deniz otob\u00fcs\u00fcyle ba\u015flat\u0131lan&#8230;<\/p>\n","protected":false},"author":1,"featured_media":32617,"comment_status":"open","ping_status":"open","sticky":false,"template":"","format":"standard","meta":{"_crdt_document":"","footnotes":""},"categories":[1],"tags":[],"class_list":["post-32616","post","type-post","status-publish","format-standard","has-post-thumbnail","hentry","category-guncel"],"_links":{"self":[{"href":"https:\/\/www.egemtv.com\/index.php?rest_route=\/wp\/v2\/posts\/32616","targetHints":{"allow":["GET"]}}],"collection":[{"href":"https:\/\/www.egemtv.com\/index.php?rest_route=\/wp\/v2\/posts"}],"about":[{"href":"https:\/\/www.egemtv.com\/index.php?rest_route=\/wp\/v2\/types\/post"}],"author":[{"embeddable":true,"href":"https:\/\/www.egemtv.com\/index.php?rest_route=\/wp\/v2\/users\/1"}],"replies":[{"embeddable":true,"href":"https:\/\/www.egemtv.com\/index.php?rest_route=%2Fwp%2Fv2%2Fcomments&post=32616"}],"version-history":[{"count":1,"href":"https:\/\/www.egemtv.com\/index.php?rest_route=\/wp\/v2\/posts\/32616\/revisions"}],"predecessor-version":[{"id":32618,"href":"https:\/\/www.egemtv.com\/index.php?rest_route=\/wp\/v2\/posts\/32616\/revisions\/32618"}],"wp:featuredmedia":[{"embeddable":true,"href":"https:\/\/www.egemtv.com\/index.php?rest_route=\/wp\/v2\/media\/32617"}],"wp:attachment":[{"href":"https:\/\/www.egemtv.com\/index.php?rest_route=%2Fwp%2Fv2%2Fmedia&parent=32616"}],"wp:term":[{"taxonomy":"category","embeddable":true,"href":"https:\/\/www.egemtv.com\/index.php?rest_route=%2Fwp%2Fv2%2Fcategories&post=32616"},{"taxonomy":"post_tag","embeddable":true,"href":"https:\/\/www.egemtv.com\/index.php?rest_route=%2Fwp%2Fv2%2Ftags&post=32616"}],"curies":[{"name":"wp","href":"https:\/\/api.w.org\/{rel}","templated":true}]}}