{"id":32613,"date":"2025-05-31T12:36:57","date_gmt":"2025-05-31T09:36:57","guid":{"rendered":"https:\/\/www.egemtv.com\/?p=32613"},"modified":"2025-05-31T12:37:02","modified_gmt":"2025-05-31T09:37:02","slug":"76-yil-sonra-gelen-mezuniyet-hayaller-universite-mezuniyet-kortejinde-gercek-oldu","status":"publish","type":"post","link":"https:\/\/www.egemtv.com\/?p=32613","title":{"rendered":"76 y\u0131l sonra gelen mezuniyet: Hayaller \u00fcniversite mezuniyet kortejinde ger\u00e7ek oldu"},"content":{"rendered":"<p>Burdur\u2019da Hilmi Hafize Evin Huzurevi\u2019nde kalan 64 ile 93 ya\u015f aras\u0131ndaki 20 ya\u015fl\u0131, 30 haftal\u0131k e\u011fitim program\u0131n\u0131n ard\u0131ndan mezuniyet hayalini ger\u00e7ekle\u015ftirdi. \u00dcniversite kortejinin en \u00f6n\u00fcnde y\u00fcr\u00fcyen ya\u015fl\u0131lar, okuman\u0131n ve hayal kurman\u0131n ya\u015f\u0131n\u0131n olmad\u0131\u011f\u0131n\u0131 bir kez daha g\u00f6sterdi.<br \/>\n<br \/>Burdur Aile ve Sosyal Hizmetler \u0130l M\u00fcd\u00fcrl\u00fc\u011f\u00fc\u2019ne ba\u011fl\u0131 Hilmi Hafize Evin Huzurevi\u2019nde kalan 20 ya\u015fl\u0131, Mehmet Akif Ersoy \u00dcniversitesi (MAK\u00dc) Ya\u015fl\u0131l\u0131k \u00c7al\u0131\u015fmalar\u0131 Uygulama ve Ara\u015ft\u0131rma Merkezi taraf\u0131ndan bir y\u0131l boyunca d\u00fczenlenen 30 farkl\u0131 alanda sa\u011fl\u0131kl\u0131 ya\u015f alma at\u00f6lyeleri ile bulu\u015ftu. 30 hafta boyunca, haftada 4\u2019er saat s\u00fcren e\u011fitimler sonunda ya\u015fl\u0131lar, hem kendilerini geli\u015ftirdi hem de hayatlar\u0131 boyunca erteledikleri hayallerine kavu\u015ftu.<br \/>\n<br \/>Bu \u00f6zel e\u011fitim s\u00fcreci, &#8220;MAK\u00dc Ya\u015fam Hayalleri Ger\u00e7ekle\u015ftiriyor&#8221; projesi ile devam etti. Proje ile huzurevinde kalan hayatlar\u0131nda yapmak isteyip de yapamad\u0131\u011f\u0131, i\u00e7lerinde uhde kalan hayallerinin ger\u00e7ekle\u015ftirilmesi ama\u00e7land\u0131. Daha \u00f6nce hi\u00e7 evlenmeyen 69 ya\u015f\u0131ndaki Emine G\u00fclay\u2019\u0131n k\u0131na gecesi hayali ve 92 ya\u015f\u0131ndaki Rabia Obut\u2019un sinemaya gitme arzusu hayata ge\u00e7irilirken, \u015fimdi de 76 ya\u015f\u0131ndaki Ali \u00c7elik\u2019in ve di\u011fer 19 ya\u015fl\u0131n\u0131n &#8220;mezun olma ve kep atma&#8221; hayali ger\u00e7ekle\u015ftirildi.<br \/>\n<br \/>D\u00fcn d\u00fczenlenen mezuniyet t\u00f6reninde, huzurevi sakinleri \u00fcniversite \u00f6\u011frencileriyle birlikte kortejin en \u00f6n\u00fcnde y\u00fcr\u00fcyerek b\u00fcy\u00fck alk\u0131\u015f toplad\u0131. Ellerinde ta\u015f\u0131d\u0131klar\u0131 pankartlarla gen\u00e7lere \u00f6rnek olan ya\u015fl\u0131lar, okuman\u0131n ya\u015f\u0131n\u0131n olmad\u0131\u011f\u0131n\u0131 herkese g\u00f6sterdi.<br \/>\n<br \/>Mezuniyet t\u00f6reninde \u00e7ocuklar\u0131n\u0131n mezuniyetini izlemeye gelen aileler de ya\u015fl\u0131lara b\u00fcy\u00fck destek verdi. Co\u015fku i\u00e7inde alk\u0131\u015flanan ya\u015fl\u0131lar\u0131n y\u00fcz\u00fcndeki mutluluk, duygusal anlar\u0131n ya\u015fanmas\u0131na neden oldu.<\/p>\n<p>&#8220;Ya\u015fl\u0131lar\u0131m\u0131z\u0131n hayallerini ger\u00e7ekle\u015ftirmek i\u00e7in yola \u00e7\u0131kt\u0131k&#8221;<br \/>\n<br \/>Mezuniyet t\u00f6reni hakk\u0131nda konu\u015fan MAK\u00dc Ya\u015fl\u0131l\u0131k \u00c7al\u0131\u015fmalar\u0131 Uygulama ve Ara\u015ft\u0131rma Merkezi M\u00fcd\u00fcr\u00fc Do\u00e7. Dr. Deniz Say \u015eahin; &#8220;Ya\u015fl\u0131l\u0131k \u00c7al\u0131\u015fmalar\u0131 Uygulama ve Ara\u015ft\u0131rma Merkezi olarak ya\u015f alm\u0131\u015f b\u00fcy\u00fcklerimizle Burdur Hilmi Hafize Evin Huzurevi\u2019nde son bir y\u0131l i\u00e7erisinde Sosyal Hizmet b\u00f6l\u00fcm\u00fc \u00f6\u011frencilerimizle 30 farkl\u0131 e\u011fitim ve sa\u011fl\u0131kl\u0131 ya\u015f alma at\u00f6lyesi ger\u00e7ekle\u015ftirdik. Bu s\u00fcre\u00e7te ya\u015f alm\u0131\u015f b\u00fcy\u00fcklerimizle birbirimizi daha iyi tan\u0131d\u0131k ve i\u00e7lerinde kalan, ger\u00e7ekle\u015ftiremedikleri hayalleri oldu\u011funu g\u00f6rd\u00fck. Biz de bu hayalleri ger\u00e7ekle\u015ftirmek i\u00e7in bug\u00fcn yola \u00e7\u0131kt\u0131k. &#8220;MAK\u00dc Ya\u015fam Hayalleri Ger\u00e7ekle\u015ftiriyor&#8221; projesi de bu \u015fekilde do\u011fdu. Bir\u00e7o\u011funun e\u011fitim hayat\u0131n\u0131n yar\u0131da kald\u0131\u011f\u0131n\u0131 ya da hi\u00e7 okula gidemediklerini, mezuniyet heyecan\u0131n\u0131 hi\u00e7 ya\u015fayamad\u0131klar\u0131n\u0131 \u00f6\u011frendik. Biz de dedik ki asl\u0131nda bug\u00fcn bizim ana mezuniyetimiz de kortejin en \u00f6n\u00fcnde y\u00fcr\u00fcmeyi bizim b\u00fcy\u00fcklerimiz hak ediyor. MAK\u00dc ailesi olarak bu mezuniyeti kendi \u00e7ocuklar\u0131n\u0131n okumas\u0131 i\u00e7in ellerinden gelen her t\u00fcrl\u00fc fedakarl\u0131\u011f\u0131 yapan ama kendi hi\u00e7 mezuniyet heyecan\u0131 ya\u015famam\u0131\u015f t\u00fcm b\u00fcy\u00fcklerimize arma\u011fan ediyoruz&#8221; dedi.<\/p>\n<p>&#8220;En b\u00fcy\u00fck hayalimi ger\u00e7ekle\u015ftirdim&#8221;<br \/>\n<br \/>Hilmi Hafize Evin Huzurevi\u2019nde ya\u015fayan ve \u00e7ocuklu\u011funda maddi imkans\u0131zl\u0131klar nedeniyle okulu yar\u0131da b\u0131rakmak zorunda kald\u0131\u011f\u0131 i\u00e7in hep i\u00e7inde ukde kalan 76 ya\u015f\u0131ndaki Ali \u00c7elik, en b\u00fcy\u00fck hayallerinden birinin ger\u00e7ekle\u015ftirmenin mutlulu\u011funu ya\u015fad\u0131\u011f\u0131n\u0131 dile getirdi\u011fi konu\u015fmas\u0131nda; &#8220;Burdur merkeze ba\u011fl\u0131 Yar\u0131k\u00f6y\u2019de ya\u015f\u0131yordum. \u015eimdi huzurevine geldim huzurevinde ya\u015f\u0131yorum. \u0130lkokulu k\u00f6yde bitirdim. Daha sonra Burdur\u2019da o zamanlar erkek Sanat Okulu vard\u0131 oraya ba\u015flad\u0131m. \u00c7ok okumak isterdim ama maddi imkans\u0131zl\u0131klardan dolay\u0131 okuyamad\u0131m ve ikinci s\u0131n\u0131fta okulu b\u0131rakt\u0131m. Ama \u015fimdi Hayat \u00dcniversitesi\u2019ni bitirdim. \u00c7ok \u015f\u00fck\u00fcr bu g\u00fcnleri de g\u00f6rd\u00fcm, \u00e7ok memnunum. Allah bug\u00fcnleri de g\u00f6sterdi. Huzurevindeki arkada\u015flar\u0131mda benimle ayn\u0131 duygular\u0131 ya\u015f\u0131yor. Hepimiz iyiyiz yani \u00e7ok mutluyuz. Okuman\u0131n ya\u015f\u0131 yoktur tabii ama bizler de ge\u00e7ti art\u0131k&#8221; ifadelerini kulland\u0131.<\/p>\n<p>&#8220;\u0130lkokul mezunuydum, \u015fimdi \u00fcniversite mezunuyum&#8221;<br \/>\n<br \/>Yine Hilmi Hafize Evin Huzurevi\u2019nde kalan ve ya\u015f alma at\u00f6lyesinden mezun olman\u0131n mutlulu\u011funu ya\u015fayan 77 ya\u015f\u0131ndaki Ramazan Candan ise; &#8220;\u00c7ok heyecanl\u0131y\u0131m. Bug\u00fcn diplomam\u0131z\u0131 alaca\u011f\u0131z. D\u00f6rt \u00e7ocuk sahibiyim. Burdur merkeze ba\u011fl\u0131 G\u00f6k\u00e7eba\u011f k\u00f6y\u00fcnde do\u011fup b\u00fcy\u00fcd\u00fcm. \u0130zmir\u2019de 50 sene kald\u0131m. \u015eu anda Mehmet Akif Ersoy \u00dcniversitesi\u2019nden mezun oluyorum. Onun i\u00e7in \u00e7ok mutluyum. \u0130lkokul mezunuydum \u015fimdi \u00fcniversite mezunu oluyorum in\u015fallah&#8221; diye konu\u015ftu.<br \/><\/p>\n","protected":false},"excerpt":{"rendered":"<p>Burdur\u2019da Hilmi Hafize Evin Huzurevi\u2019nde kalan 64 ile 93 ya\u015f aras\u0131ndaki 20 ya\u015fl\u0131, 30 haftal\u0131k e\u011fitim program\u0131n\u0131n ard\u0131ndan mezuniyet hayalini ger\u00e7ekle\u015ftirdi. \u00dcniversite kortejinin en \u00f6n\u00fcnde y\u00fcr\u00fcyen ya\u015fl\u0131lar, okuman\u0131n ve hayal kurman\u0131n ya\u015f\u0131n\u0131n olmad\u0131\u011f\u0131n\u0131 bir kez daha g\u00f6sterdi. Burdur Aile ve Sosyal Hizmetler \u0130l M\u00fcd\u00fcrl\u00fc\u011f\u00fc\u2019ne ba\u011fl\u0131 Hilmi Hafize Evin Huzurevi\u2019nde kalan 20 ya\u015fl\u0131, Mehmet Akif Ersoy&#8230;<\/p>\n","protected":false},"author":1,"featured_media":32614,"comment_status":"open","ping_status":"open","sticky":false,"template":"","format":"standard","meta":{"_crdt_document":"","footnotes":""},"categories":[123],"tags":[],"class_list":["post-32613","post","type-post","status-publish","format-standard","has-post-thumbnail","hentry","category-gundem"],"_links":{"self":[{"href":"https:\/\/www.egemtv.com\/index.php?rest_route=\/wp\/v2\/posts\/32613","targetHints":{"allow":["GET"]}}],"collection":[{"href":"https:\/\/www.egemtv.com\/index.php?rest_route=\/wp\/v2\/posts"}],"about":[{"href":"https:\/\/www.egemtv.com\/index.php?rest_route=\/wp\/v2\/types\/post"}],"author":[{"embeddable":true,"href":"https:\/\/www.egemtv.com\/index.php?rest_route=\/wp\/v2\/users\/1"}],"replies":[{"embeddable":true,"href":"https:\/\/www.egemtv.com\/index.php?rest_route=%2Fwp%2Fv2%2Fcomments&post=32613"}],"version-history":[{"count":1,"href":"https:\/\/www.egemtv.com\/index.php?rest_route=\/wp\/v2\/posts\/32613\/revisions"}],"predecessor-version":[{"id":32615,"href":"https:\/\/www.egemtv.com\/index.php?rest_route=\/wp\/v2\/posts\/32613\/revisions\/32615"}],"wp:featuredmedia":[{"embeddable":true,"href":"https:\/\/www.egemtv.com\/index.php?rest_route=\/wp\/v2\/media\/32614"}],"wp:attachment":[{"href":"https:\/\/www.egemtv.com\/index.php?rest_route=%2Fwp%2Fv2%2Fmedia&parent=32613"}],"wp:term":[{"taxonomy":"category","embeddable":true,"href":"https:\/\/www.egemtv.com\/index.php?rest_route=%2Fwp%2Fv2%2Fcategories&post=32613"},{"taxonomy":"post_tag","embeddable":true,"href":"https:\/\/www.egemtv.com\/index.php?rest_route=%2Fwp%2Fv2%2Ftags&post=32613"}],"curies":[{"name":"wp","href":"https:\/\/api.w.org\/{rel}","templated":true}]}}