{"id":32610,"date":"2025-05-31T12:15:15","date_gmt":"2025-05-31T09:15:15","guid":{"rendered":"https:\/\/www.egemtv.com\/?p=32610"},"modified":"2025-05-31T12:15:19","modified_gmt":"2025-05-31T09:15:19","slug":"mugla-protokolu-muglaspor-icin-bir-araya-geldi","status":"publish","type":"post","link":"https:\/\/www.egemtv.com\/?p=32610","title":{"rendered":"Mu\u011fla protokol\u00fc Mu\u011flaspor i\u00e7in bir araya geldi"},"content":{"rendered":"<p>Mu\u011fla Valisi Dr. \u0130dris Akb\u0131y\u0131k\u2019\u0131n ev sahipli\u011finde d\u00fczenlenen toplant\u0131da, Mu\u011flaspor\u2019un mevcut durumu ve gelece\u011fine y\u00f6nelik projeler ele al\u0131nd\u0131.<\/p>\n<p>Mu\u011flaspor g\u00fcndemiyle ger\u00e7ekle\u015ftirilen toplant\u0131da, kul\u00fcb\u00fcn altyap\u0131s\u0131ndan mali yap\u0131s\u0131na kadar bir\u00e7ok konu isti\u015fare edildi. Gelece\u011fe emin ad\u0131mlarla y\u00fcr\u00fcyen, daha g\u00fc\u00e7l\u00fc ve daha kararl\u0131 bir Mu\u011flaspor hedefi do\u011frultusunda geli\u015ftirilen projeler masaya yat\u0131r\u0131ld\u0131. Toplant\u0131da, Mu\u011flaspor\u2019un sadece bir spor kul\u00fcb\u00fc de\u011fil, ayn\u0131 zamanda Mu\u011fla\u2019n\u0131n gen\u00e7lerini spora kazand\u0131ran ve kent k\u00fclt\u00fcr\u00fcne katk\u0131 sunan \u00f6nemli bir de\u011fer oldu\u011fu vurguland\u0131. Kat\u0131l\u0131mc\u0131lar, \u015fehrin t\u00fcm dinamikleriyle Mu\u011flaspor\u2019un yan\u0131nda yer almaya devam edeceklerini ifade etti.<\/p>\n<p>Toplant\u0131ya Mu\u011fla Milletvekilleri S\u00fcreyya \u00d6ne\u015f Derici ve Kadem Mete, Mu\u011fla B\u00fcy\u00fck\u015fehir Belediye Ba\u015fkan\u0131 Ahmet Aras, Mente\u015fe Kaymakam\u0131 Mehmet Eri\u015f, Mente\u015fe Belediye Ba\u015fkan\u0131 Gonca K\u00f6ksal Aras, siyasi parti temsilcileri, protokol \u00fcyeleri ile Mu\u011flaspor Kul\u00fcp Ba\u015fkan\u0131 Menaf K\u0131yan\u00e7 ve y\u00f6netim kurulu \u00fcyeleri kat\u0131ld\u0131.<br \/><\/p>\n","protected":false},"excerpt":{"rendered":"<p>Mu\u011fla Valisi Dr. \u0130dris Akb\u0131y\u0131k\u2019\u0131n ev sahipli\u011finde d\u00fczenlenen toplant\u0131da, Mu\u011flaspor\u2019un mevcut durumu ve gelece\u011fine y\u00f6nelik projeler ele al\u0131nd\u0131. Mu\u011flaspor g\u00fcndemiyle ger\u00e7ekle\u015ftirilen toplant\u0131da, kul\u00fcb\u00fcn altyap\u0131s\u0131ndan mali yap\u0131s\u0131na kadar bir\u00e7ok konu isti\u015fare edildi. Gelece\u011fe emin ad\u0131mlarla y\u00fcr\u00fcyen, daha g\u00fc\u00e7l\u00fc ve daha kararl\u0131 bir Mu\u011flaspor hedefi do\u011frultusunda geli\u015ftirilen projeler masaya yat\u0131r\u0131ld\u0131. Toplant\u0131da, Mu\u011flaspor\u2019un sadece bir spor kul\u00fcb\u00fc de\u011fil,&#8230;<\/p>\n","protected":false},"author":1,"featured_media":32611,"comment_status":"open","ping_status":"open","sticky":false,"template":"","format":"standard","meta":{"_crdt_document":"","footnotes":""},"categories":[4],"tags":[],"class_list":["post-32610","post","type-post","status-publish","format-standard","has-post-thumbnail","hentry","category-spor"],"_links":{"self":[{"href":"https:\/\/www.egemtv.com\/index.php?rest_route=\/wp\/v2\/posts\/32610","targetHints":{"allow":["GET"]}}],"collection":[{"href":"https:\/\/www.egemtv.com\/index.php?rest_route=\/wp\/v2\/posts"}],"about":[{"href":"https:\/\/www.egemtv.com\/index.php?rest_route=\/wp\/v2\/types\/post"}],"author":[{"embeddable":true,"href":"https:\/\/www.egemtv.com\/index.php?rest_route=\/wp\/v2\/users\/1"}],"replies":[{"embeddable":true,"href":"https:\/\/www.egemtv.com\/index.php?rest_route=%2Fwp%2Fv2%2Fcomments&post=32610"}],"version-history":[{"count":1,"href":"https:\/\/www.egemtv.com\/index.php?rest_route=\/wp\/v2\/posts\/32610\/revisions"}],"predecessor-version":[{"id":32612,"href":"https:\/\/www.egemtv.com\/index.php?rest_route=\/wp\/v2\/posts\/32610\/revisions\/32612"}],"wp:featuredmedia":[{"embeddable":true,"href":"https:\/\/www.egemtv.com\/index.php?rest_route=\/wp\/v2\/media\/32611"}],"wp:attachment":[{"href":"https:\/\/www.egemtv.com\/index.php?rest_route=%2Fwp%2Fv2%2Fmedia&parent=32610"}],"wp:term":[{"taxonomy":"category","embeddable":true,"href":"https:\/\/www.egemtv.com\/index.php?rest_route=%2Fwp%2Fv2%2Fcategories&post=32610"},{"taxonomy":"post_tag","embeddable":true,"href":"https:\/\/www.egemtv.com\/index.php?rest_route=%2Fwp%2Fv2%2Ftags&post=32610"}],"curies":[{"name":"wp","href":"https:\/\/api.w.org\/{rel}","templated":true}]}}