{"id":32607,"date":"2025-05-31T11:56:54","date_gmt":"2025-05-31T08:56:54","guid":{"rendered":"https:\/\/www.egemtv.com\/?p=32607"},"modified":"2025-05-31T11:56:57","modified_gmt":"2025-05-31T08:56:57","slug":"egitim-calisanlarinin-tercihi-yine-egitim-bir-sen-oldu","status":"publish","type":"post","link":"https:\/\/www.egemtv.com\/?p=32607","title":{"rendered":"E\u011fitim \u00e7al\u0131\u015fanlar\u0131n\u0131n tercihi yine E\u011fitim-Bir-Sen oldu"},"content":{"rendered":"<p>E\u011fitimcilerin haklar\u0131n\u0131 savunmak amac\u0131yla faaliyet g\u00f6steren E\u011fitimciler Birli\u011fi Sendikas\u0131 (E\u011fitim-Bir-Sen), 15 May\u0131s itibar\u0131yla tamamlanan resmi tespit s\u00fcreci sonucunda, Manisa\u2019da \u00fcst \u00fcste 16\u2019nc\u0131, T\u00fcrkiye genelinde ise 14\u2019\u00fcnc\u00fc kez yetkili sendika oldu.<br \/>\n<br \/>\u00c7al\u0131\u015fma ve Sosyal G\u00fcvenlik Bakanl\u0131\u011f\u0131 taraf\u0131ndan her y\u0131l ger\u00e7ekle\u015ftirilen sendikal yetki tespit s\u00fcreci kapsam\u0131nda Milli E\u011fitim Bakanl\u0131\u011f\u0131 ve devlet \u00fcniversitelerinde g\u00f6rev yapan kamu g\u00f6revlilerinin sendika \u00fcyelik say\u0131lar\u0131 belirlendi. Resmi mutabakat metinlerinin imzalanmas\u0131n\u0131n ard\u0131ndan, E\u011fitim-Bir-Sen\u2019in hem yerelde hem de \u00fclke genelinde yetkili sendika oldu\u011fu netle\u015fti.<br \/>\n<br \/>Manisa genelinde 6 bin 23 \u00fcyeye ula\u015fan E\u011fitim-Bir-Sen, bu say\u0131yla kentteki en y\u00fcksek \u00fcye say\u0131s\u0131na sahip sendika olma unvan\u0131n\u0131 s\u00fcrd\u00fcrd\u00fc. T\u00fcrkiye genelinde ise ge\u00e7ti\u011fimiz y\u0131la g\u00f6re yakla\u015f\u0131k 7 bin yeni \u00fcye kazanarak toplam \u00fcye say\u0131s\u0131n\u0131 428 bin 632\u2019ye \u00e7\u0131kard\u0131.<\/p>\n<p>&#8220;E\u011fitim \u00e7al\u0131\u015fanlar\u0131n\u0131n g\u00fcveni tescillendi&#8221;<br \/>\n<br \/>E\u011fitim-Bir-Sen Manisa 1 No\u2019lu \u015eube Ba\u015fkan\u0131 Ahmet Yasav, konuyla ilgili yapt\u0131\u011f\u0131 a\u00e7\u0131klamada, elde edilen bu yetkinin e\u011fitim \u00e7al\u0131\u015fanlar\u0131n\u0131n sendikaya duydu\u011fu g\u00fcvenin ve tevecc\u00fch\u00fcn bir g\u00f6stergesi oldu\u011funu s\u00f6yledi. Yasav, &#8220;Temsil yetkimiz 2011 y\u0131l\u0131nda bize emanet edildi, bu y\u0131l 14\u2019\u00fcnc\u00fc kez \u00fclke genelinde tescil edilmi\u015f oldu. Bu ba\u015far\u0131, kararl\u0131 ve ilkeli m\u00fccadelemizin sonucudur.&#8221; dedi.<br \/>\n<br \/>Yasav, sendikan\u0131n sadece \u00f6zl\u00fck haklar\u0131yla s\u0131n\u0131rl\u0131 bir sendikal anlay\u0131\u015fla de\u011fil, ayn\u0131 zamanda milli de\u011ferleri merkeze alan sosyal ve k\u00fclt\u00fcrel bir sorumlulukla hareket etti\u011fini ifade etti.<\/p>\n<p>&#8220;Kritik d\u00f6nemlerde milletimizin yan\u0131nda olduk&#8221;<br \/>\n<br \/>Pandemi, 15 Temmuz ve son ya\u015fanan depremler gibi zor d\u00f6nemlerde E\u011fitim-Bir-Sen te\u015fkilat\u0131n\u0131n her zaman sahada oldu\u011funu vurgulayan Yasav, &#8220;\u00dcyemizin ve milletimizin her ihtiya\u00e7 an\u0131nda yan\u0131nda olduk. Bu, kuru bir sendikal anlay\u0131\u015f de\u011fil; sorumluluk bilinciyle hareket eden bir te\u015fkilat anlay\u0131\u015f\u0131d\u0131r&#8221; diye konu\u015ftu.<\/p>\n<p>&#8220;Sendikal m\u00fccadelemiz devam edecek&#8221;<br \/>\n<br \/>Sendikan\u0131n kurucusu merhum Mehmet Akif \u0130nan\u2019\u0131n \u2019Sendikal m\u00fccadele sadece hak aramak de\u011fil, ayn\u0131 zamanda de\u011fer \u00fcretmektir\u2019 anlay\u0131\u015f\u0131yla hareket ettiklerini s\u00f6yleyen Yasav, &#8220;E\u011fitim-Bir-Sen olarak k\u00f6kl\u00fc m\u00fccadelemizi s\u00fcrd\u00fcrecek, milletimize ve e\u011fitim \u00e7al\u0131\u015fanlar\u0131m\u0131za hizmet etmeye devam edece\u011fiz.&#8221; dedi.<br \/>\n<br \/>Yasav, s\u00f6zlerini \u015f\u00f6yle tamamlad\u0131: &#8220;Bizimle bu yolda y\u00fcr\u00fcyen, bize g\u00fc\u00e7 veren 428 bin 632 \u00fcyemize g\u00f6n\u00fclden te\u015fekk\u00fcr ediyoruz. Bug\u00fcn omuz omuza daha g\u00fc\u00e7l\u00fcy\u00fcz, yar\u0131n hep birlikte T\u00fcrkiye olarak daha da g\u00fc\u00e7l\u00fc olaca\u011f\u0131z.&#8221;<br \/><\/p>\n","protected":false},"excerpt":{"rendered":"<p>E\u011fitimcilerin haklar\u0131n\u0131 savunmak amac\u0131yla faaliyet g\u00f6steren E\u011fitimciler Birli\u011fi Sendikas\u0131 (E\u011fitim-Bir-Sen), 15 May\u0131s itibar\u0131yla tamamlanan resmi tespit s\u00fcreci sonucunda, Manisa\u2019da \u00fcst \u00fcste 16\u2019nc\u0131, T\u00fcrkiye genelinde ise 14\u2019\u00fcnc\u00fc kez yetkili sendika oldu. \u00c7al\u0131\u015fma ve Sosyal G\u00fcvenlik Bakanl\u0131\u011f\u0131 taraf\u0131ndan her y\u0131l ger\u00e7ekle\u015ftirilen sendikal yetki tespit s\u00fcreci kapsam\u0131nda Milli E\u011fitim Bakanl\u0131\u011f\u0131 ve devlet \u00fcniversitelerinde g\u00f6rev yapan kamu g\u00f6revlilerinin sendika&#8230;<\/p>\n","protected":false},"author":1,"featured_media":32608,"comment_status":"open","ping_status":"open","sticky":false,"template":"","format":"standard","meta":{"_crdt_document":"","footnotes":""},"categories":[1],"tags":[],"class_list":["post-32607","post","type-post","status-publish","format-standard","has-post-thumbnail","hentry","category-guncel"],"_links":{"self":[{"href":"https:\/\/www.egemtv.com\/index.php?rest_route=\/wp\/v2\/posts\/32607","targetHints":{"allow":["GET"]}}],"collection":[{"href":"https:\/\/www.egemtv.com\/index.php?rest_route=\/wp\/v2\/posts"}],"about":[{"href":"https:\/\/www.egemtv.com\/index.php?rest_route=\/wp\/v2\/types\/post"}],"author":[{"embeddable":true,"href":"https:\/\/www.egemtv.com\/index.php?rest_route=\/wp\/v2\/users\/1"}],"replies":[{"embeddable":true,"href":"https:\/\/www.egemtv.com\/index.php?rest_route=%2Fwp%2Fv2%2Fcomments&post=32607"}],"version-history":[{"count":1,"href":"https:\/\/www.egemtv.com\/index.php?rest_route=\/wp\/v2\/posts\/32607\/revisions"}],"predecessor-version":[{"id":32609,"href":"https:\/\/www.egemtv.com\/index.php?rest_route=\/wp\/v2\/posts\/32607\/revisions\/32609"}],"wp:featuredmedia":[{"embeddable":true,"href":"https:\/\/www.egemtv.com\/index.php?rest_route=\/wp\/v2\/media\/32608"}],"wp:attachment":[{"href":"https:\/\/www.egemtv.com\/index.php?rest_route=%2Fwp%2Fv2%2Fmedia&parent=32607"}],"wp:term":[{"taxonomy":"category","embeddable":true,"href":"https:\/\/www.egemtv.com\/index.php?rest_route=%2Fwp%2Fv2%2Fcategories&post=32607"},{"taxonomy":"post_tag","embeddable":true,"href":"https:\/\/www.egemtv.com\/index.php?rest_route=%2Fwp%2Fv2%2Ftags&post=32607"}],"curies":[{"name":"wp","href":"https:\/\/api.w.org\/{rel}","templated":true}]}}