{"id":32604,"date":"2025-05-31T11:56:49","date_gmt":"2025-05-31T08:56:49","guid":{"rendered":"https:\/\/www.egemtv.com\/?p=32604"},"modified":"2025-05-31T11:56:54","modified_gmt":"2025-05-31T08:56:54","slug":"jandarma-ogrencileri-agirladi","status":"publish","type":"post","link":"https:\/\/www.egemtv.com\/?p=32604","title":{"rendered":"Jandarma \u00f6\u011frencileri a\u011f\u0131rlad\u0131"},"content":{"rendered":"<p>Ayd\u0131n\u2019\u0131n Germencik il\u00e7esindeki \u00d6merbeyli \u0130lkokulu \u00f6\u011frencileri, jandarma ekiplerinin misafiri oldu.<br \/>\n<br \/>Ayd\u0131n \u0130l Jandarma Komutanl\u0131\u011f\u0131 Aile i\u00e7i \u015eiddetle M\u00fccadele ve \u00c7ocuk K\u0131s\u0131m Amirli\u011fi koordinesinde Germencik \u00d6merbeyli \u0130lkokulu\u2019nda \u00f6\u011frenim g\u00f6ren \u00f6\u011frenciler, &#8220;Evinize Ho\u015fgeldiniz&#8221; faaliyeti kapsam\u0131nda Ayd\u0131n \u0130l Jandarma Komutanl\u0131\u011f\u0131 ve Ayd\u0131n Jandarma Helikopter Filo Komutanl\u0131\u011f\u0131\u2019nda a\u011f\u0131rland\u0131. \u00d6\u011frencilere, jandarma hakk\u0131nda tan\u0131t\u0131c\u0131 bilgiler verilirken, Tim Jandarma ve T\u00fcrk bayra\u011f\u0131 hediye edildi.<br \/><\/p>\n","protected":false},"excerpt":{"rendered":"<p>Ayd\u0131n\u2019\u0131n Germencik il\u00e7esindeki \u00d6merbeyli \u0130lkokulu \u00f6\u011frencileri, jandarma ekiplerinin misafiri oldu. Ayd\u0131n \u0130l Jandarma Komutanl\u0131\u011f\u0131 Aile i\u00e7i \u015eiddetle M\u00fccadele ve \u00c7ocuk K\u0131s\u0131m Amirli\u011fi koordinesinde Germencik \u00d6merbeyli \u0130lkokulu\u2019nda \u00f6\u011frenim g\u00f6ren \u00f6\u011frenciler, &#8220;Evinize Ho\u015fgeldiniz&#8221; faaliyeti kapsam\u0131nda Ayd\u0131n \u0130l Jandarma Komutanl\u0131\u011f\u0131 ve Ayd\u0131n Jandarma Helikopter Filo Komutanl\u0131\u011f\u0131\u2019nda a\u011f\u0131rland\u0131. \u00d6\u011frencilere, jandarma hakk\u0131nda tan\u0131t\u0131c\u0131 bilgiler verilirken, Tim Jandarma ve T\u00fcrk bayra\u011f\u0131&#8230;<\/p>\n","protected":false},"author":1,"featured_media":32605,"comment_status":"open","ping_status":"open","sticky":false,"template":"","format":"standard","meta":{"_crdt_document":"","footnotes":""},"categories":[1],"tags":[],"class_list":["post-32604","post","type-post","status-publish","format-standard","has-post-thumbnail","hentry","category-guncel"],"_links":{"self":[{"href":"https:\/\/www.egemtv.com\/index.php?rest_route=\/wp\/v2\/posts\/32604","targetHints":{"allow":["GET"]}}],"collection":[{"href":"https:\/\/www.egemtv.com\/index.php?rest_route=\/wp\/v2\/posts"}],"about":[{"href":"https:\/\/www.egemtv.com\/index.php?rest_route=\/wp\/v2\/types\/post"}],"author":[{"embeddable":true,"href":"https:\/\/www.egemtv.com\/index.php?rest_route=\/wp\/v2\/users\/1"}],"replies":[{"embeddable":true,"href":"https:\/\/www.egemtv.com\/index.php?rest_route=%2Fwp%2Fv2%2Fcomments&post=32604"}],"version-history":[{"count":1,"href":"https:\/\/www.egemtv.com\/index.php?rest_route=\/wp\/v2\/posts\/32604\/revisions"}],"predecessor-version":[{"id":32606,"href":"https:\/\/www.egemtv.com\/index.php?rest_route=\/wp\/v2\/posts\/32604\/revisions\/32606"}],"wp:featuredmedia":[{"embeddable":true,"href":"https:\/\/www.egemtv.com\/index.php?rest_route=\/wp\/v2\/media\/32605"}],"wp:attachment":[{"href":"https:\/\/www.egemtv.com\/index.php?rest_route=%2Fwp%2Fv2%2Fmedia&parent=32604"}],"wp:term":[{"taxonomy":"category","embeddable":true,"href":"https:\/\/www.egemtv.com\/index.php?rest_route=%2Fwp%2Fv2%2Fcategories&post=32604"},{"taxonomy":"post_tag","embeddable":true,"href":"https:\/\/www.egemtv.com\/index.php?rest_route=%2Fwp%2Fv2%2Ftags&post=32604"}],"curies":[{"name":"wp","href":"https:\/\/api.w.org\/{rel}","templated":true}]}}