{"id":32601,"date":"2025-05-31T11:56:44","date_gmt":"2025-05-31T08:56:44","guid":{"rendered":"https:\/\/www.egemtv.com\/?p=32601"},"modified":"2025-05-31T11:56:49","modified_gmt":"2025-05-31T08:56:49","slug":"salihlide-caddelere-galatasaray-bayraklari-asildi","status":"publish","type":"post","link":"https:\/\/www.egemtv.com\/?p=32601","title":{"rendered":"Salihli\u2019de caddelere Galatasaray bayraklar\u0131 as\u0131ld\u0131"},"content":{"rendered":"<p>S\u00fcper Lig \u015eampiyonu Galatasaray\u2019\u0131n dev be\u015f y\u0131ld\u0131zl\u0131 bayraklar\u0131, Manisa\u2019n\u0131n Salihli il\u00e7esindeki cadde ve sokaklar\u0131nda dalgalan\u0131yor.<br \/>\n<br \/>Trendyol S\u00fcper Lig\u2019de 2024-2025 sezonunun \u015fampiyonu Galatasaray\u2019\u0131n bayraklar\u0131, Salihli\u2019de cadde ve sokaklarda dalgalanmaya ba\u015flad\u0131. Salihli\u2019de sar\u0131-k\u0131rm\u0131z\u0131 renklere g\u00f6n\u00fcl veren taraftarlar taraf\u0131ndan be\u015f y\u0131ld\u0131zl\u0131 dev Galatasaray bayraklar\u0131, Salihli\u2019de Turan ve Menderes Caddesi\u2019nin yan\u0131 s\u0131ra evlerin balkonlar\u0131na as\u0131ld\u0131.<br \/><\/p>\n","protected":false},"excerpt":{"rendered":"<p>S\u00fcper Lig \u015eampiyonu Galatasaray\u2019\u0131n dev be\u015f y\u0131ld\u0131zl\u0131 bayraklar\u0131, Manisa\u2019n\u0131n Salihli il\u00e7esindeki cadde ve sokaklar\u0131nda dalgalan\u0131yor. Trendyol S\u00fcper Lig\u2019de 2024-2025 sezonunun \u015fampiyonu Galatasaray\u2019\u0131n bayraklar\u0131, Salihli\u2019de cadde ve sokaklarda dalgalanmaya ba\u015flad\u0131. Salihli\u2019de sar\u0131-k\u0131rm\u0131z\u0131 renklere g\u00f6n\u00fcl veren taraftarlar taraf\u0131ndan be\u015f y\u0131ld\u0131zl\u0131 dev Galatasaray bayraklar\u0131, Salihli\u2019de Turan ve Menderes Caddesi\u2019nin yan\u0131 s\u0131ra evlerin balkonlar\u0131na as\u0131ld\u0131.<\/p>\n","protected":false},"author":1,"featured_media":32602,"comment_status":"open","ping_status":"open","sticky":false,"template":"","format":"standard","meta":{"_crdt_document":"","footnotes":""},"categories":[4],"tags":[],"class_list":["post-32601","post","type-post","status-publish","format-standard","has-post-thumbnail","hentry","category-spor"],"_links":{"self":[{"href":"https:\/\/www.egemtv.com\/index.php?rest_route=\/wp\/v2\/posts\/32601","targetHints":{"allow":["GET"]}}],"collection":[{"href":"https:\/\/www.egemtv.com\/index.php?rest_route=\/wp\/v2\/posts"}],"about":[{"href":"https:\/\/www.egemtv.com\/index.php?rest_route=\/wp\/v2\/types\/post"}],"author":[{"embeddable":true,"href":"https:\/\/www.egemtv.com\/index.php?rest_route=\/wp\/v2\/users\/1"}],"replies":[{"embeddable":true,"href":"https:\/\/www.egemtv.com\/index.php?rest_route=%2Fwp%2Fv2%2Fcomments&post=32601"}],"version-history":[{"count":1,"href":"https:\/\/www.egemtv.com\/index.php?rest_route=\/wp\/v2\/posts\/32601\/revisions"}],"predecessor-version":[{"id":32603,"href":"https:\/\/www.egemtv.com\/index.php?rest_route=\/wp\/v2\/posts\/32601\/revisions\/32603"}],"wp:featuredmedia":[{"embeddable":true,"href":"https:\/\/www.egemtv.com\/index.php?rest_route=\/wp\/v2\/media\/32602"}],"wp:attachment":[{"href":"https:\/\/www.egemtv.com\/index.php?rest_route=%2Fwp%2Fv2%2Fmedia&parent=32601"}],"wp:term":[{"taxonomy":"category","embeddable":true,"href":"https:\/\/www.egemtv.com\/index.php?rest_route=%2Fwp%2Fv2%2Fcategories&post=32601"},{"taxonomy":"post_tag","embeddable":true,"href":"https:\/\/www.egemtv.com\/index.php?rest_route=%2Fwp%2Fv2%2Ftags&post=32601"}],"curies":[{"name":"wp","href":"https:\/\/api.w.org\/{rel}","templated":true}]}}