{"id":32598,"date":"2025-05-31T11:56:43","date_gmt":"2025-05-31T08:56:43","guid":{"rendered":"https:\/\/www.egemtv.com\/?p=32598"},"modified":"2025-05-31T11:56:43","modified_gmt":"2025-05-31T08:56:43","slug":"kulak-burun-bogaz-uzmani-uyardi-olume-sebebiyet-veren-kanser-turlerinin-icinde-en-sik-karsilasilan-5-tur-bas-boyun-kanserleridir","status":"publish","type":"post","link":"https:\/\/www.egemtv.com\/?p=32598","title":{"rendered":"Kulak Burun Bo\u011faz uzman\u0131 uyard\u0131: &#8220;\u00d6l\u00fcme sebebiyet veren kanser t\u00fcrlerinin i\u00e7inde en s\u0131k kar\u015f\u0131la\u015f\u0131lan 5. t\u00fcr ba\u015f boyun kanserleridir&#8221;"},"content":{"rendered":"<p>Boyun b\u00f6lgesinde 2 haftadan uzun s\u00fcren \u015fi\u015fliklerin ba\u015f ve boyun kanserlerinin habercisi olabilece\u011fini belirten Kulak Burun Bo\u011faz uzman\u0131 Prof. Dr. Ertap Ako\u011flu &#8220;Ba\u015f boyun kanserleri erken yakalan\u0131rsa tedavi edilebilirler. Bu kanserlerin erken belirti vermesi erken tan\u0131 konulabilmesini sa\u011flar&#8221; dedi.<\/p>\n<p>Ac\u0131badem Bodrum Hastanesi Kulak Burun Bo\u011faz uzman\u0131 Prof. Dr. Ertap Ako\u011flu \u00f6l\u00fcme sebebiyet veren kanser t\u00fcrlerinin i\u00e7inde en s\u0131k kar\u015f\u0131la\u015f\u0131lan 5. t\u00fcr kanser olan ba\u015f boyun kanserleri hakk\u0131nda \u00f6nemli bilgiler verdi. S\u0131kl\u0131kla g\u0131rtlak ve tiroid kanserleri g\u00f6r\u00fclse de t\u0131pk\u0131 y\u00fcz cildi kanserleri ve t\u00fck\u00fcr\u00fck bezi t\u00fcm\u00f6rleri gibi bu b\u00f6lgedeki her doku t\u00fcr\u00fcn\u00fcn bir kanseri olabilece\u011fini ifade etti. Kanserin bulundu\u011fu yere g\u00f6re belirti verdi\u011fine dikkat \u00e7eken Prof. Dr. Ako\u011flu &#8220;G\u0131rtlak kanseri ses k\u0131s\u0131kl\u0131\u011f\u0131na veya nefes darl\u0131\u011f\u0131na yol a\u00e7abilir. Tiroid kanseri, boyunda beliren bir \u015fi\u015flik, bir yumru olarak kendini g\u00f6sterebilir. A\u011f\u0131zdaki bir yara, dudakta iyile\u015fmeyen bir yara, y\u00fcz cildindeki kabuklu veya renkli bir b\u00fcy\u00fcme, sinsi bir burun ak\u0131nt\u0131s\u0131 bir kanser i\u015faret\u00e7isi olabilir&#8221; dedi.<\/p>\n<p>&#8220;Boyun \u015fi\u015flikleri genellikle a\u011fr\u0131s\u0131z olur&#8221;<br \/>\n<br \/>Hastal\u0131\u011f\u0131 erkenden fark edebilmek i\u00e7in belirtileri iyi g\u00f6zlemlemek gerekti\u011finin alt\u0131n\u0131 \u00e7izen Prof. Dr. Ako\u011flu &#8220;Ba\u015f boyun kanserleri genellikle v\u00fccutta herhangi bir yere yay\u0131lmadan \u00f6nce boyundaki lenf d\u00fc\u011f\u00fcmlerine yay\u0131l\u0131r. Boyunda 2 haftadan uzun s\u00fcrede ge\u00e7meyen \u015fi\u015flikler en k\u0131sa zamanda bir doktor taraf\u0131ndan g\u00f6r\u00fclmelidir. Tabii ki t\u00fcm \u015fi\u015flikler kanser demek de\u011fildir. Ancak \u015fi\u015flik ya da \u015fi\u015flikler a\u011f\u0131z, g\u0131rtlak, guatr kanseri, baz\u0131 lenf kanserleri ve kan kanserinin ilk belirtisi olabilir. B\u00f6yle \u015fi\u015flikler genellikle a\u011fr\u0131s\u0131z ve gittik\u00e7e b\u00fcy\u00fcme e\u011filimindedir&#8221; diye konu\u015ftu.<\/p>\n<p>&#8220;G\u0131rtlak kanseri ses de\u011fi\u015fimine neden olur&#8221;<br \/>\n<br \/>Pek \u00e7ok g\u0131rtlak kanserinin ses de\u011fi\u015fimine neden oldu\u011funu belirten Prof. Dr. Ako\u011flu yine 2 haftadan uzun s\u00fcren ses k\u0131s\u0131kl\u0131\u011f\u0131 ya da ses de\u011fi\u015fimleri halinde doktora ba\u015fvurmak gerekti\u011fini vurgulad\u0131. Bir KBB ve ba\u015f boyun uzman\u0131n\u0131n ses tellerini kolay ve a\u011fr\u0131s\u0131z y\u00f6ntemlerle muayene edebilece\u011fini s\u00f6yledi.<\/p>\n<p>Dil ve dudak kanserlerinin genelinin ge\u00e7meyen yara ve \u015fi\u015fli\u011fe neden oldu\u011funa i\u015faret eden Prof. Dr. Ako\u011flu &#8220;Yara ve \u015fi\u015flikler iltihaplanmad\u0131k\u00e7a a\u011fr\u0131s\u0131zd\u0131r. Kanama g\u00f6r\u00fclebilirse de s\u0131kl\u0131kla hastal\u0131\u011f\u0131n ileri d\u00f6nemlerine kadar g\u00f6r\u00fclmez. Yara ya da \u015fi\u015flik boyundaki bir kitleye e\u015flik ederse bu son derece ciddiye al\u0131nmal\u0131d\u0131r. Di\u015f doktorunuz ya da doktorunuz biyopsi (doku \u00f6rnekleme testi) gerekip gerekmedi\u011fini de\u011ferlendirip bu i\u015flem i\u00e7in sizi bir ba\u015f boyun cerrah\u0131na sevk edebilir&#8221; dedi.<\/p>\n<p>&#8220;Yutma zorlu\u011fu varsa doktora ba\u015fvurun&#8221;<br \/>\n<br \/>Prof. Dr. Ako\u011flu kanamalar\u0131n s\u0131kl\u0131kla kanser haricinde bir nedene ba\u011fl\u0131 oldu\u011funa de\u011finerek yine de a\u011f\u0131z, burun, bo\u011faz ve akci\u011fer t\u00fcm\u00f6rlerinin kanamaya neden olabildi\u011fini; bu nedenle birka\u00e7 g\u00fcnden fazla bir s\u00fcre t\u00fck\u00fcr\u00fck veya balgamda kanama g\u00f6r\u00fcl\u00fcrse yine buna dikkat etmek gerekti\u011fini anlatt\u0131.<\/p>\n<p>Bo\u011faz ve yemek borusu kanserlerinin kat\u0131 g\u0131dalar\u0131n ve bazen s\u0131v\u0131lar\u0131n yutulmas\u0131n\u0131 zorla\u015ft\u0131rd\u0131\u011f\u0131n\u0131 belirten Prof. Dr. Ako\u011flu &#8220;G\u0131da belli bir noktada batma hissi uyand\u0131r\u0131p ya mideye gider ya da a\u011f\u0131zdan geri gelir. Bu durumda bir doktora ba\u015fvurmal\u0131s\u0131n\u0131z. Genellikle X \u0131\u015f\u0131nl\u0131 baryum yutma filmi ya da yutturulan bir t\u00fcp yoluyla yemek borusunun direkt muayenesi ile neden ortaya konulur&#8221; dedi.<\/p>\n<p>&#8220;Deri kanserleri soluk bir yara \u015feklinde ba\u015flar&#8221;<br \/>\n<br \/>Ba\u015f boyunda \u00e7ok s\u0131k kar\u015f\u0131la\u015f\u0131lan deri kanserinin erken ba\u015flanan tedaviye iyi yan\u0131t verdi\u011fini s\u00f6yleyen Prof. Dr. Ako\u011flu en s\u0131k al\u0131n, y\u00fcz, kulak gibi cildin g\u00fcne\u015fe maruz kald\u0131\u011f\u0131 yerlerde g\u00f6r\u00fcl\u00fcrse de cildin herhangi bir yerinde olabilece\u011fini dile getirdi. Deri kanserinin s\u0131kl\u0131kla k\u00fc\u00e7\u00fck soluk bir yara \u015feklinde ba\u015flay\u0131p yava\u015f b\u00fcy\u00fcyerek, ortas\u0131nda gamze \u015feklinde bir \u00e7ukur ve hatta \u00fclser olu\u015fturarak ilerledi\u011fini; bu alan\u0131n bir k\u0131sm\u0131 iyile\u015firken daha b\u00fcy\u00fck bir b\u00f6l\u00fcm\u00fcn\u00fcn \u00fclser olarak kald\u0131\u011f\u0131n\u0131 ve baz\u0131 deri kanserlerinde renk de\u011fi\u015fimi g\u00f6r\u00fcld\u00fc\u011f\u00fcn\u00fc s\u00f6zlerine ekledi.<\/p>\n<p>&#8220;Tedaviyi ba\u015f boyun cerrah\u0131 koordine eder&#8221;<br \/>\n<br \/>Ba\u015f boyun kanserlerinin tedavisinin erken te\u015fhise ba\u011fl\u0131 oldu\u011funun alt\u0131n\u0131 \u00e7izen Prof. Dr. Ako\u011flu \u015funlar\u0131 kaydetti: &#8220;Kanser tedavisinde pek \u00e7ok ayr\u0131 uzmanl\u0131k alan\u0131n\u0131n birlikte \u00e7al\u0131\u015fmas\u0131 gerekir. Ba\u015f-boyun kanserlerinde bu orkestrasyonu sa\u011flayan ki\u015fi bir ba\u015f-boyun cerrah\u0131 olacakt\u0131r. Tedaviler, esasen cerrahi, radyoterapi (\u0131\u015f\u0131nla tedavi), daha seyrek olarak kemoterapi (ila\u00e7la tedavi), ve bazen de birle\u015fik tedaviler \u015feklinde olacakt\u0131r. Ba\u015f boyun kanserleri erken yakalan\u0131rsa tedavi edilebilirler. Ba\u015f boyun kanserinin erken belirti vermesi erken tan\u0131 konulabilmesini sa\u011flar.&#8221;<br \/><\/p>\n","protected":false},"excerpt":{"rendered":"<p>Boyun b\u00f6lgesinde 2 haftadan uzun s\u00fcren \u015fi\u015fliklerin ba\u015f ve boyun kanserlerinin habercisi olabilece\u011fini belirten Kulak Burun Bo\u011faz uzman\u0131 Prof. Dr. Ertap Ako\u011flu &#8220;Ba\u015f boyun kanserleri erken yakalan\u0131rsa tedavi edilebilirler. Bu kanserlerin erken belirti vermesi erken tan\u0131 konulabilmesini sa\u011flar&#8221; dedi. Ac\u0131badem Bodrum Hastanesi Kulak Burun Bo\u011faz uzman\u0131 Prof. Dr. Ertap Ako\u011flu \u00f6l\u00fcme sebebiyet veren kanser t\u00fcrlerinin&#8230;<\/p>\n","protected":false},"author":1,"featured_media":32599,"comment_status":"open","ping_status":"open","sticky":false,"template":"","format":"standard","meta":{"_crdt_document":"","footnotes":""},"categories":[2],"tags":[],"class_list":["post-32598","post","type-post","status-publish","format-standard","has-post-thumbnail","hentry","category-saglik"],"_links":{"self":[{"href":"https:\/\/www.egemtv.com\/index.php?rest_route=\/wp\/v2\/posts\/32598","targetHints":{"allow":["GET"]}}],"collection":[{"href":"https:\/\/www.egemtv.com\/index.php?rest_route=\/wp\/v2\/posts"}],"about":[{"href":"https:\/\/www.egemtv.com\/index.php?rest_route=\/wp\/v2\/types\/post"}],"author":[{"embeddable":true,"href":"https:\/\/www.egemtv.com\/index.php?rest_route=\/wp\/v2\/users\/1"}],"replies":[{"embeddable":true,"href":"https:\/\/www.egemtv.com\/index.php?rest_route=%2Fwp%2Fv2%2Fcomments&post=32598"}],"version-history":[{"count":1,"href":"https:\/\/www.egemtv.com\/index.php?rest_route=\/wp\/v2\/posts\/32598\/revisions"}],"predecessor-version":[{"id":32600,"href":"https:\/\/www.egemtv.com\/index.php?rest_route=\/wp\/v2\/posts\/32598\/revisions\/32600"}],"wp:featuredmedia":[{"embeddable":true,"href":"https:\/\/www.egemtv.com\/index.php?rest_route=\/wp\/v2\/media\/32599"}],"wp:attachment":[{"href":"https:\/\/www.egemtv.com\/index.php?rest_route=%2Fwp%2Fv2%2Fmedia&parent=32598"}],"wp:term":[{"taxonomy":"category","embeddable":true,"href":"https:\/\/www.egemtv.com\/index.php?rest_route=%2Fwp%2Fv2%2Fcategories&post=32598"},{"taxonomy":"post_tag","embeddable":true,"href":"https:\/\/www.egemtv.com\/index.php?rest_route=%2Fwp%2Fv2%2Ftags&post=32598"}],"curies":[{"name":"wp","href":"https:\/\/api.w.org\/{rel}","templated":true}]}}