{"id":32589,"date":"2025-05-31T11:37:50","date_gmt":"2025-05-31T08:37:50","guid":{"rendered":"https:\/\/www.egemtv.com\/?p=32589"},"modified":"2025-05-31T11:37:55","modified_gmt":"2025-05-31T08:37:55","slug":"tugva-vakif-okulundan-yil-sonu-programi","status":"publish","type":"post","link":"https:\/\/www.egemtv.com\/?p=32589","title":{"rendered":"T\u00dcGVA Vak\u0131f Okulu\u2019ndan y\u0131l sonu program\u0131"},"content":{"rendered":"<p>K\u00fctahya Valisi Musa I\u015f\u0131n ve protokol \u00fcyeleri, T\u00fcrkiye Gen\u00e7lik Vakf\u0131 (T\u00dcGVA) taraf\u0131ndan d\u00fczenlenen &#8220;Vak\u0131f Okulu Y\u0131l Sonu Program\u0131&#8221;na kat\u0131larak gen\u00e7lerin heyecan\u0131na ortak oldu.<br \/>\n<br \/>Programda sahneye \u00e7\u0131kan \u00f6\u011frenciler, Kur\u2019an-\u0131 Kerim tilaveti, ilahi dinletileri ve sergiledikleri \u00e7e\u015fitli g\u00f6sterilerle davetlilere unutulmaz anlar ya\u015fatt\u0131. Etkinlik sonunda ba\u015far\u0131l\u0131 \u00f6\u011frencilere hediyeleri, Vali Musa I\u015f\u0131n taraf\u0131ndan takdim edildi.<br \/>\n<br \/>Y\u0131l sonu program\u0131 kapsam\u0131nda ayr\u0131ca Mill\u00ee E\u011fitim Bakanl\u0131\u011f\u0131 ile T\u00dcGVA aras\u0131nda yap\u0131lan protokol \u00e7er\u00e7evesinde, K\u00fctahya Halk E\u011fitim Merkezi M\u00fcd\u00fcrl\u00fc\u011f\u00fc i\u015f birli\u011fiyle haz\u0131rlanan el sanatlar\u0131 sergisi de a\u00e7\u0131ld\u0131. A\u00e7\u0131l\u0131\u015f kurdelesini kesen Vali I\u015f\u0131n, sergiyi gezerek el eme\u011fi g\u00f6z nuru \u00fcr\u00fcnleri inceledi. Kat\u0131l\u0131mc\u0131lar taraf\u0131ndan b\u00fcy\u00fck be\u011feni toplayan sergi, yo\u011fun ilgi g\u00f6rd\u00fc.<br \/>\n<br \/>Programa, K\u00fctahya Sa\u011fl\u0131k Bilimleri \u00dcniversitesi Rekt\u00f6r\u00fc Prof. Dr. Ahmet Tekin, AK Parti K\u00fctahya \u0130l Ba\u015fkan\u0131 Ceyda \u00c7etin Erenler ve \u0130l Mill\u00ee E\u011fitim M\u00fcd\u00fcr\u00fc Mustafa Y\u0131lmaz da kat\u0131ld\u0131. T\u00dcGVA K\u00fctahya Temsilcisi Saidi Furkan Co\u015fgun, programa te\u015frif eden Vali I\u015f\u0131n ve di\u011fer protokol \u00fcyelerine te\u015fekk\u00fcrlerini sundu.<br \/><\/p>\n","protected":false},"excerpt":{"rendered":"<p>K\u00fctahya Valisi Musa I\u015f\u0131n ve protokol \u00fcyeleri, T\u00fcrkiye Gen\u00e7lik Vakf\u0131 (T\u00dcGVA) taraf\u0131ndan d\u00fczenlenen &#8220;Vak\u0131f Okulu Y\u0131l Sonu Program\u0131&#8221;na kat\u0131larak gen\u00e7lerin heyecan\u0131na ortak oldu. Programda sahneye \u00e7\u0131kan \u00f6\u011frenciler, Kur\u2019an-\u0131 Kerim tilaveti, ilahi dinletileri ve sergiledikleri \u00e7e\u015fitli g\u00f6sterilerle davetlilere unutulmaz anlar ya\u015fatt\u0131. Etkinlik sonunda ba\u015far\u0131l\u0131 \u00f6\u011frencilere hediyeleri, Vali Musa I\u015f\u0131n taraf\u0131ndan takdim edildi. Y\u0131l sonu program\u0131 kapsam\u0131nda&#8230;<\/p>\n","protected":false},"author":1,"featured_media":32590,"comment_status":"open","ping_status":"open","sticky":false,"template":"","format":"standard","meta":{"_crdt_document":"","footnotes":""},"categories":[1],"tags":[],"class_list":["post-32589","post","type-post","status-publish","format-standard","has-post-thumbnail","hentry","category-guncel"],"_links":{"self":[{"href":"https:\/\/www.egemtv.com\/index.php?rest_route=\/wp\/v2\/posts\/32589","targetHints":{"allow":["GET"]}}],"collection":[{"href":"https:\/\/www.egemtv.com\/index.php?rest_route=\/wp\/v2\/posts"}],"about":[{"href":"https:\/\/www.egemtv.com\/index.php?rest_route=\/wp\/v2\/types\/post"}],"author":[{"embeddable":true,"href":"https:\/\/www.egemtv.com\/index.php?rest_route=\/wp\/v2\/users\/1"}],"replies":[{"embeddable":true,"href":"https:\/\/www.egemtv.com\/index.php?rest_route=%2Fwp%2Fv2%2Fcomments&post=32589"}],"version-history":[{"count":1,"href":"https:\/\/www.egemtv.com\/index.php?rest_route=\/wp\/v2\/posts\/32589\/revisions"}],"predecessor-version":[{"id":32591,"href":"https:\/\/www.egemtv.com\/index.php?rest_route=\/wp\/v2\/posts\/32589\/revisions\/32591"}],"wp:featuredmedia":[{"embeddable":true,"href":"https:\/\/www.egemtv.com\/index.php?rest_route=\/wp\/v2\/media\/32590"}],"wp:attachment":[{"href":"https:\/\/www.egemtv.com\/index.php?rest_route=%2Fwp%2Fv2%2Fmedia&parent=32589"}],"wp:term":[{"taxonomy":"category","embeddable":true,"href":"https:\/\/www.egemtv.com\/index.php?rest_route=%2Fwp%2Fv2%2Fcategories&post=32589"},{"taxonomy":"post_tag","embeddable":true,"href":"https:\/\/www.egemtv.com\/index.php?rest_route=%2Fwp%2Fv2%2Ftags&post=32589"}],"curies":[{"name":"wp","href":"https:\/\/api.w.org\/{rel}","templated":true}]}}