{"id":32586,"date":"2025-05-31T11:37:47","date_gmt":"2025-05-31T08:37:47","guid":{"rendered":"https:\/\/www.egemtv.com\/?p=32586"},"modified":"2025-05-31T11:37:50","modified_gmt":"2025-05-31T08:37:50","slug":"kutahyada-istanbulun-fethinin-572-yildonumu-coskuyla-kutlandi","status":"publish","type":"post","link":"https:\/\/www.egemtv.com\/?p=32586","title":{"rendered":"K\u00fctahya\u2019da \u0130stanbul\u2019un fethinin 572. y\u0131ld\u00f6n\u00fcm\u00fc co\u015fkuyla kutland\u0131"},"content":{"rendered":"<p>K\u00fcyahya Fatih Ortaokulunda tarihin ak\u0131\u015f\u0131n\u0131 de\u011fi\u015ftiren b\u00fcy\u00fck zafer \u0130stanbul\u2019un Fethi\u2019nin 572. y\u0131l d\u00f6n\u00fcm\u00fc, d\u00fczenlenen anlaml\u0131 bir programla an\u0131ld\u0131.<br \/>\n<br \/>Sayg\u0131 duru\u015fu ve \u0130stiklal Mar\u015f\u0131 ile ba\u015flayan t\u00f6rende, Kur\u2019an-\u0131 Kerim tilaveti ve hatim duas\u0131 yap\u0131ld\u0131. Ard\u0131ndan Mehteran g\u00f6sterisi ve halk oyunlar\u0131 ekibinin renkli performanslar\u0131yla program devam etti.<br \/>\n<br \/>Etkinlikte &#8220;Fetih Mar\u015f\u0131&#8221; ve &#8220;Ulubatl\u0131 Hasan&#8221; adl\u0131 \u015fiirler \u00f6\u011frenciler taraf\u0131ndan seslendirildi.<br \/>\n<br \/>Programda konu\u015fan \u0130l Milli E\u011fitim M\u00fcd\u00fcr\u00fc Mustafa Y\u0131lmaz, 29 May\u0131s 1453\u2019\u00fcn, gen\u00e7 Sultan Fatih Mehmet\u2019in azmi ve inanc\u0131yla hayalden ger\u00e7e\u011fe d\u00f6n\u00fc\u015ft\u00fcrd\u00fc\u011f\u00fc bir tarih oldu\u011funu, \u0130stanbul\u2019un Fethi\u2019nin, sadece bir \u015fehrin de\u011fil, ayn\u0131 zamanda kalplerin fethi oldu\u011funu, bu b\u00fcy\u00fck zaferin bilim, strateji ve cesaretin zaferi oldu\u011funu vurgulad\u0131.<br \/>\n<br \/>M\u00fcd\u00fcr Mustafa Y\u0131lmaz gen\u00e7lere de seslenerek, &#8220;Sizler yar\u0131n\u0131n Fatihlerisiniz. Cehaleti ve tembelli\u011fi fethetmeli, teknoloji ve bilgiyle kendi \u00e7a\u011f\u0131n\u0131z\u0131 a\u00e7mal\u0131s\u0131n\u0131z. \u0130stanbul\u2019un Fethi\u2019nden al\u0131nacak en b\u00fcy\u00fck ders, imkans\u0131z g\u00f6r\u00fcneni ba\u015farma inanc\u0131d\u0131r&#8221; ifadelerini kulland\u0131.<br \/>\n<br \/>Program\u0131n son b\u00f6l\u00fcm\u00fcnde sergi a\u00e7\u0131l\u0131\u015f\u0131 ger\u00e7ekle\u015ftirildi. Sergi alan\u0131n\u0131 gezen Milli E\u011fitim M\u00fcd\u00fcr\u00fc Mustafa Y\u0131lmaz ve protokol \u00fcyeleri sergilenen resimler ve di\u011fer \u00fcr\u00fcnler hakk\u0131nda bilgi ald\u0131lar.<br \/>\n<br \/>Sergide Filistinli \u00e7ocuklar da unutulmad\u0131. A\u00e7l\u0131k, susuzluk ve \u00f6l\u00fcmle pen\u00e7ele\u015fen \u00e7ocuklar\u0131n i\u00e7inde bulunduklar\u0131 zor durumu somutla\u015ft\u0131rmak amac\u0131yla Fatih Ortaokulu \u00f6\u011frencileri Filistinli \u00e7ocuklara \u00f6zg\u00fc k\u0131yafetlerle ve Filistin bayraklar\u0131yla onlar\u0131 temsil ettiler. Serginin bu b\u00f6l\u00fcm\u00fcne kat\u0131l\u0131mc\u0131lar\u0131n ilgisi yo\u011fun oldu. Daha sonra misafirlere yemek ve tatl\u0131 ikram\u0131nda bulunuldu.<br \/>\n<br \/>Programa \u0130l Milli E\u011fitim M\u00fcd\u00fcr\u00fc Mustafa Y\u0131lmaz, AK Parti \u0130l Ba\u015fkan\u0131 Ceyda \u00c7etin Erenler, K\u00fclt\u00fcr ve Turizm \u0130l M\u00fcd\u00fcr\u00fc Zekeriya \u00dcnal, protokol \u00fcyeleri, Mill\u00ee E\u011fitim M\u00fcd\u00fcr Yard\u0131mc\u0131s\u0131 Hakan G\u00f6lp\u0131nar, \u015fube m\u00fcd\u00fcrleri, okul y\u00f6neticileri, \u00f6\u011fretmenler, \u00f6\u011frenciler, bas\u0131n mensuplar\u0131 ve \u00e7ok say\u0131da davetli kat\u0131ld\u0131.<br \/>\n<br \/>Fatih Ortaokulu M\u00fcd\u00fcr\u00fc Serdar Onur, program\u0131n yo\u011fun ilgi g\u00f6rd\u00fc\u011f\u00fcn\u00fc belirterek, kat\u0131l\u0131mc\u0131lara te\u015fekk\u00fcr etti.<br \/><\/p>\n","protected":false},"excerpt":{"rendered":"<p>K\u00fcyahya Fatih Ortaokulunda tarihin ak\u0131\u015f\u0131n\u0131 de\u011fi\u015ftiren b\u00fcy\u00fck zafer \u0130stanbul\u2019un Fethi\u2019nin 572. y\u0131l d\u00f6n\u00fcm\u00fc, d\u00fczenlenen anlaml\u0131 bir programla an\u0131ld\u0131. Sayg\u0131 duru\u015fu ve \u0130stiklal Mar\u015f\u0131 ile ba\u015flayan t\u00f6rende, Kur\u2019an-\u0131 Kerim tilaveti ve hatim duas\u0131 yap\u0131ld\u0131. Ard\u0131ndan Mehteran g\u00f6sterisi ve halk oyunlar\u0131 ekibinin renkli performanslar\u0131yla program devam etti. Etkinlikte &#8220;Fetih Mar\u015f\u0131&#8221; ve &#8220;Ulubatl\u0131 Hasan&#8221; adl\u0131 \u015fiirler \u00f6\u011frenciler taraf\u0131ndan&#8230;<\/p>\n","protected":false},"author":1,"featured_media":32587,"comment_status":"open","ping_status":"open","sticky":false,"template":"","format":"standard","meta":{"_crdt_document":"","footnotes":""},"categories":[1],"tags":[],"class_list":["post-32586","post","type-post","status-publish","format-standard","has-post-thumbnail","hentry","category-guncel"],"_links":{"self":[{"href":"https:\/\/www.egemtv.com\/index.php?rest_route=\/wp\/v2\/posts\/32586","targetHints":{"allow":["GET"]}}],"collection":[{"href":"https:\/\/www.egemtv.com\/index.php?rest_route=\/wp\/v2\/posts"}],"about":[{"href":"https:\/\/www.egemtv.com\/index.php?rest_route=\/wp\/v2\/types\/post"}],"author":[{"embeddable":true,"href":"https:\/\/www.egemtv.com\/index.php?rest_route=\/wp\/v2\/users\/1"}],"replies":[{"embeddable":true,"href":"https:\/\/www.egemtv.com\/index.php?rest_route=%2Fwp%2Fv2%2Fcomments&post=32586"}],"version-history":[{"count":1,"href":"https:\/\/www.egemtv.com\/index.php?rest_route=\/wp\/v2\/posts\/32586\/revisions"}],"predecessor-version":[{"id":32588,"href":"https:\/\/www.egemtv.com\/index.php?rest_route=\/wp\/v2\/posts\/32586\/revisions\/32588"}],"wp:featuredmedia":[{"embeddable":true,"href":"https:\/\/www.egemtv.com\/index.php?rest_route=\/wp\/v2\/media\/32587"}],"wp:attachment":[{"href":"https:\/\/www.egemtv.com\/index.php?rest_route=%2Fwp%2Fv2%2Fmedia&parent=32586"}],"wp:term":[{"taxonomy":"category","embeddable":true,"href":"https:\/\/www.egemtv.com\/index.php?rest_route=%2Fwp%2Fv2%2Fcategories&post=32586"},{"taxonomy":"post_tag","embeddable":true,"href":"https:\/\/www.egemtv.com\/index.php?rest_route=%2Fwp%2Fv2%2Ftags&post=32586"}],"curies":[{"name":"wp","href":"https:\/\/api.w.org\/{rel}","templated":true}]}}