{"id":32583,"date":"2025-05-31T11:16:24","date_gmt":"2025-05-31T08:16:24","guid":{"rendered":"https:\/\/www.egemtv.com\/?p=32583"},"modified":"2025-05-31T11:16:29","modified_gmt":"2025-05-31T08:16:29","slug":"protokol-ve-ogrencilerinin-katilimiyla-yagmur-duasi-yapildi","status":"publish","type":"post","link":"https:\/\/www.egemtv.com\/?p=32583","title":{"rendered":"Protokol ve \u00f6\u011frencilerinin kat\u0131l\u0131m\u0131yla ya\u011fmur duas\u0131 yap\u0131ld\u0131"},"content":{"rendered":"<p>Afyonkarahisar\u2019\u0131n Bayat il\u00e7esinde protokol \u00fcyelerinin ve ilkokul \u00f6\u011frencileri kat\u0131l\u0131m\u0131yla ya\u011fmur duas\u0131 yap\u0131ld\u0131.<br \/>\n<br \/>Bayat Kaymakam\u0131 Osman Emre \u00d6zt\u00fcrk ve protokol \u00fcyeleri Cumhuriyet ve Atat\u00fcrk \u0130lkokullar\u0131n\u0131n \u00f6\u011frencilerinin kat\u0131l\u0131mlar\u0131yla il\u00e7eye ba\u011fl\u0131 \u00c7amurluk mevkiinde ya\u011fmur duas\u0131 ve piknik program\u0131na kat\u0131ld\u0131. Protokol \u00fcyelerinin de kat\u0131ld\u0131\u011f\u0131 ya\u011fmur duas\u0131n\u0131n ard\u0131ndan piknik ger\u00e7ekle\u015ftirildi.<br \/><\/p>\n","protected":false},"excerpt":{"rendered":"<p>Afyonkarahisar\u2019\u0131n Bayat il\u00e7esinde protokol \u00fcyelerinin ve ilkokul \u00f6\u011frencileri kat\u0131l\u0131m\u0131yla ya\u011fmur duas\u0131 yap\u0131ld\u0131. Bayat Kaymakam\u0131 Osman Emre \u00d6zt\u00fcrk ve protokol \u00fcyeleri Cumhuriyet ve Atat\u00fcrk \u0130lkokullar\u0131n\u0131n \u00f6\u011frencilerinin kat\u0131l\u0131mlar\u0131yla il\u00e7eye ba\u011fl\u0131 \u00c7amurluk mevkiinde ya\u011fmur duas\u0131 ve piknik program\u0131na kat\u0131ld\u0131. Protokol \u00fcyelerinin de kat\u0131ld\u0131\u011f\u0131 ya\u011fmur duas\u0131n\u0131n ard\u0131ndan piknik ger\u00e7ekle\u015ftirildi.<\/p>\n","protected":false},"author":1,"featured_media":32584,"comment_status":"open","ping_status":"open","sticky":false,"template":"","format":"standard","meta":{"_crdt_document":"","footnotes":""},"categories":[1],"tags":[],"class_list":["post-32583","post","type-post","status-publish","format-standard","has-post-thumbnail","hentry","category-guncel"],"_links":{"self":[{"href":"https:\/\/www.egemtv.com\/index.php?rest_route=\/wp\/v2\/posts\/32583","targetHints":{"allow":["GET"]}}],"collection":[{"href":"https:\/\/www.egemtv.com\/index.php?rest_route=\/wp\/v2\/posts"}],"about":[{"href":"https:\/\/www.egemtv.com\/index.php?rest_route=\/wp\/v2\/types\/post"}],"author":[{"embeddable":true,"href":"https:\/\/www.egemtv.com\/index.php?rest_route=\/wp\/v2\/users\/1"}],"replies":[{"embeddable":true,"href":"https:\/\/www.egemtv.com\/index.php?rest_route=%2Fwp%2Fv2%2Fcomments&post=32583"}],"version-history":[{"count":1,"href":"https:\/\/www.egemtv.com\/index.php?rest_route=\/wp\/v2\/posts\/32583\/revisions"}],"predecessor-version":[{"id":32585,"href":"https:\/\/www.egemtv.com\/index.php?rest_route=\/wp\/v2\/posts\/32583\/revisions\/32585"}],"wp:featuredmedia":[{"embeddable":true,"href":"https:\/\/www.egemtv.com\/index.php?rest_route=\/wp\/v2\/media\/32584"}],"wp:attachment":[{"href":"https:\/\/www.egemtv.com\/index.php?rest_route=%2Fwp%2Fv2%2Fmedia&parent=32583"}],"wp:term":[{"taxonomy":"category","embeddable":true,"href":"https:\/\/www.egemtv.com\/index.php?rest_route=%2Fwp%2Fv2%2Fcategories&post=32583"},{"taxonomy":"post_tag","embeddable":true,"href":"https:\/\/www.egemtv.com\/index.php?rest_route=%2Fwp%2Fv2%2Ftags&post=32583"}],"curies":[{"name":"wp","href":"https:\/\/api.w.org\/{rel}","templated":true}]}}