{"id":32580,"date":"2025-05-31T11:16:18","date_gmt":"2025-05-31T08:16:18","guid":{"rendered":"https:\/\/www.egemtv.com\/?p=32580"},"modified":"2025-05-31T11:16:24","modified_gmt":"2025-05-31T08:16:24","slug":"efelerde-dur-ihtarina-uymadi-jandarmadan-kacamadi","status":"publish","type":"post","link":"https:\/\/www.egemtv.com\/?p=32580","title":{"rendered":"Efeler\u2019de \u2019Dur\u2019 ihtar\u0131na uymad\u0131, jandarmadan ka\u00e7amad\u0131"},"content":{"rendered":"<p>Ayd\u0131n\u2019\u0131n Efeler il\u00e7esinde \u2019Dur\u2019 ihtar\u0131na uymayan ve ka\u00e7maya \u00e7al\u0131\u015fan \u015f\u00fcpheli, jandarma ekiplerince k\u0131sk\u0131vrak yakaland\u0131.<br \/>\n<br \/>Efeler \u0130l\u00e7e Jandarma Komutanl\u0131\u011f\u0131nca Efeler il\u00e7esi Karde\u015fk\u00f6y Mahallesi\u2019nde devriye \u00e7al\u0131\u015fmas\u0131 ger\u00e7ekle\u015ftirdi. Edinilen bilgiye g\u00f6re saat 21.00 s\u0131ralar\u0131nda devriye esnas\u0131nda E.E. isimli s\u00fcr\u00fcc\u00fcn\u00fcn kullanm\u0131\u015f oldu\u011fu ara\u00e7 durdurulmak istendi. Jandarma ekiplerinin \u2019Dur\u2019 ihtar\u0131na uymayan E.E. ka\u00e7maya \u00e7al\u0131\u015ft\u0131. \u015e\u00fcpheli yap\u0131lan takip sonucunda k\u0131sa s\u00fcrede yakaland\u0131. \u015e\u00fcphelinin kulland\u0131\u011f\u0131 ara\u00e7 i\u00e7erisinde yap\u0131lan adli aramada 1 adet seri numaras\u0131z ruhsats\u0131z av t\u00fcfe\u011fi ile 37 adet av t\u00fcfe\u011fi fi\u015fe\u011fi ele ge\u00e7irildi. \u015e\u00fcpheli E.E.\u2019ye, 2521 Say\u0131l\u0131 Kanun kapsam\u0131nda 6 bin 531 TL ve 2918 Say\u0131l\u0131 Kanun kapsam\u0131nda ise 6 bin 501 TL olmak \u00fczere toplam 13 bin 32 TL idari yapt\u0131r\u0131m cezas\u0131 uyguland\u0131. \u015e\u00fcpheli hakk\u0131nda ba\u015flat\u0131lan adli s\u00fcre\u00e7 devam ediyor.<br \/><\/p>\n","protected":false},"excerpt":{"rendered":"<p>Ayd\u0131n\u2019\u0131n Efeler il\u00e7esinde \u2019Dur\u2019 ihtar\u0131na uymayan ve ka\u00e7maya \u00e7al\u0131\u015fan \u015f\u00fcpheli, jandarma ekiplerince k\u0131sk\u0131vrak yakaland\u0131. Efeler \u0130l\u00e7e Jandarma Komutanl\u0131\u011f\u0131nca Efeler il\u00e7esi Karde\u015fk\u00f6y Mahallesi\u2019nde devriye \u00e7al\u0131\u015fmas\u0131 ger\u00e7ekle\u015ftirdi. Edinilen bilgiye g\u00f6re saat 21.00 s\u0131ralar\u0131nda devriye esnas\u0131nda E.E. isimli s\u00fcr\u00fcc\u00fcn\u00fcn kullanm\u0131\u015f oldu\u011fu ara\u00e7 durdurulmak istendi. Jandarma ekiplerinin \u2019Dur\u2019 ihtar\u0131na uymayan E.E. ka\u00e7maya \u00e7al\u0131\u015ft\u0131. \u015e\u00fcpheli yap\u0131lan takip sonucunda k\u0131sa s\u00fcrede&#8230;<\/p>\n","protected":false},"author":1,"featured_media":32581,"comment_status":"open","ping_status":"open","sticky":false,"template":"","format":"standard","meta":{"_crdt_document":"","footnotes":""},"categories":[5],"tags":[],"class_list":["post-32580","post","type-post","status-publish","format-standard","has-post-thumbnail","hentry","category-asayis"],"_links":{"self":[{"href":"https:\/\/www.egemtv.com\/index.php?rest_route=\/wp\/v2\/posts\/32580","targetHints":{"allow":["GET"]}}],"collection":[{"href":"https:\/\/www.egemtv.com\/index.php?rest_route=\/wp\/v2\/posts"}],"about":[{"href":"https:\/\/www.egemtv.com\/index.php?rest_route=\/wp\/v2\/types\/post"}],"author":[{"embeddable":true,"href":"https:\/\/www.egemtv.com\/index.php?rest_route=\/wp\/v2\/users\/1"}],"replies":[{"embeddable":true,"href":"https:\/\/www.egemtv.com\/index.php?rest_route=%2Fwp%2Fv2%2Fcomments&post=32580"}],"version-history":[{"count":1,"href":"https:\/\/www.egemtv.com\/index.php?rest_route=\/wp\/v2\/posts\/32580\/revisions"}],"predecessor-version":[{"id":32582,"href":"https:\/\/www.egemtv.com\/index.php?rest_route=\/wp\/v2\/posts\/32580\/revisions\/32582"}],"wp:featuredmedia":[{"embeddable":true,"href":"https:\/\/www.egemtv.com\/index.php?rest_route=\/wp\/v2\/media\/32581"}],"wp:attachment":[{"href":"https:\/\/www.egemtv.com\/index.php?rest_route=%2Fwp%2Fv2%2Fmedia&parent=32580"}],"wp:term":[{"taxonomy":"category","embeddable":true,"href":"https:\/\/www.egemtv.com\/index.php?rest_route=%2Fwp%2Fv2%2Fcategories&post=32580"},{"taxonomy":"post_tag","embeddable":true,"href":"https:\/\/www.egemtv.com\/index.php?rest_route=%2Fwp%2Fv2%2Ftags&post=32580"}],"curies":[{"name":"wp","href":"https:\/\/api.w.org\/{rel}","templated":true}]}}