{"id":32574,"date":"2025-05-31T10:55:13","date_gmt":"2025-05-31T07:55:13","guid":{"rendered":"https:\/\/www.egemtv.com\/?p=32574"},"modified":"2025-05-31T10:55:18","modified_gmt":"2025-05-31T07:55:18","slug":"menteseli-cocuklar-tarihi-resmetti","status":"publish","type":"post","link":"https:\/\/www.egemtv.com\/?p=32574","title":{"rendered":"Mente\u015feli \u00e7ocuklar tarihi resmetti"},"content":{"rendered":"<p>Mu\u011fla Gen\u00e7lik ve Spor \u0130l M\u00fcd\u00fcrl\u00fc\u011f\u00fc b\u00fcnyesinde faaliyetlerini s\u00fcrd\u00fcren Mu\u011fla Uluslararas\u0131 Gen\u00e7lik Merkezi, &#8220;\u00c7ocuklar Tarihi Resimliyor&#8221; projesi kapsam\u0131nda Mente\u015fe\u2019de ya\u015fayan \u00e7ocuklar\u0131 Marmaris Kalesi ve Arkeoloji M\u00fczesi\u2019nde bir araya getirdi.<\/p>\n<p>Sanat yoluyla \u00e7ocuklar\u0131n geli\u015fimlerine katk\u0131 sa\u011flamay\u0131 hedefleyen proje kapsam\u0131nda, \u00e7ocuklar hem tarihle i\u00e7 i\u00e7e bir yolculu\u011fa \u00e7\u0131kt\u0131 hem de arkeolojiyle sanat\u0131 bulu\u015fturdu. Etkinlik, Uluslararas\u0131 Gen\u00e7lik Merkezi\u2019nin gen\u00e7lik \u00e7al\u0131\u015fanlar\u0131 ile sanat alan\u0131nda g\u00f6rev yapan e\u011fitmenlerin rehberli\u011finde ger\u00e7ekle\u015ftirildi.<\/p>\n<p>Etkinli\u011fin ilk a\u015famas\u0131nda \u00e7ocuklar, uzman rehberler e\u015fli\u011finde Marmaris Kalesi ve Arkeoloji M\u00fczesi\u2019ni gezdi. Ard\u0131ndan g\u00f6rd\u00fckleri tarihi yap\u0131lar\u0131 kendi bak\u0131\u015f a\u00e7\u0131lar\u0131yla resimlere aktaran \u00e7ocuklar, hem e\u011flenceli hem de \u00f6\u011fretici bir deneyim ya\u015fad\u0131. Etkinlik boyunca m\u00fczeyi ziyaret eden vatanda\u015flara da fark\u0131ndal\u0131k kazand\u0131r\u0131lmas\u0131 hedeflendi.<\/p>\n<p>Projeye g\u00f6n\u00fcll\u00fc olarak kat\u0131lan gen\u00e7lerden Nazl\u0131 Uyar, etkinlikle ilgili duygular\u0131n\u0131 \u015fu s\u00f6zlerle payla\u015ft\u0131: &#8220;Sanat\u0131n \u00e7ocuklarla bulu\u015ftu\u011fu bu projede yer almaktan \u00e7ok mutlu oldum. Daha \u00f6nce antik kentleri ziyaret etmi\u015ftim ancak bug\u00fcn sanatla tarihi birle\u015ftiren bir programda yer almak bana farkl\u0131 bir deneyim kazand\u0131rd\u0131. Bizlere bu imk\u00e2n\u0131 sa\u011flayan Gen\u00e7lik ve Spor Bakanl\u0131\u011f\u0131m\u0131za \u00e7ok te\u015fekk\u00fcr ederim&#8221;dedi.<br \/><\/p>\n","protected":false},"excerpt":{"rendered":"<p>Mu\u011fla Gen\u00e7lik ve Spor \u0130l M\u00fcd\u00fcrl\u00fc\u011f\u00fc b\u00fcnyesinde faaliyetlerini s\u00fcrd\u00fcren Mu\u011fla Uluslararas\u0131 Gen\u00e7lik Merkezi, &#8220;\u00c7ocuklar Tarihi Resimliyor&#8221; projesi kapsam\u0131nda Mente\u015fe\u2019de ya\u015fayan \u00e7ocuklar\u0131 Marmaris Kalesi ve Arkeoloji M\u00fczesi\u2019nde bir araya getirdi. Sanat yoluyla \u00e7ocuklar\u0131n geli\u015fimlerine katk\u0131 sa\u011flamay\u0131 hedefleyen proje kapsam\u0131nda, \u00e7ocuklar hem tarihle i\u00e7 i\u00e7e bir yolculu\u011fa \u00e7\u0131kt\u0131 hem de arkeolojiyle sanat\u0131 bulu\u015fturdu. Etkinlik, Uluslararas\u0131 Gen\u00e7lik Merkezi\u2019nin&#8230;<\/p>\n","protected":false},"author":1,"featured_media":32575,"comment_status":"open","ping_status":"open","sticky":false,"template":"","format":"standard","meta":{"_crdt_document":"","footnotes":""},"categories":[1],"tags":[],"class_list":["post-32574","post","type-post","status-publish","format-standard","has-post-thumbnail","hentry","category-guncel"],"_links":{"self":[{"href":"https:\/\/www.egemtv.com\/index.php?rest_route=\/wp\/v2\/posts\/32574","targetHints":{"allow":["GET"]}}],"collection":[{"href":"https:\/\/www.egemtv.com\/index.php?rest_route=\/wp\/v2\/posts"}],"about":[{"href":"https:\/\/www.egemtv.com\/index.php?rest_route=\/wp\/v2\/types\/post"}],"author":[{"embeddable":true,"href":"https:\/\/www.egemtv.com\/index.php?rest_route=\/wp\/v2\/users\/1"}],"replies":[{"embeddable":true,"href":"https:\/\/www.egemtv.com\/index.php?rest_route=%2Fwp%2Fv2%2Fcomments&post=32574"}],"version-history":[{"count":1,"href":"https:\/\/www.egemtv.com\/index.php?rest_route=\/wp\/v2\/posts\/32574\/revisions"}],"predecessor-version":[{"id":32576,"href":"https:\/\/www.egemtv.com\/index.php?rest_route=\/wp\/v2\/posts\/32574\/revisions\/32576"}],"wp:featuredmedia":[{"embeddable":true,"href":"https:\/\/www.egemtv.com\/index.php?rest_route=\/wp\/v2\/media\/32575"}],"wp:attachment":[{"href":"https:\/\/www.egemtv.com\/index.php?rest_route=%2Fwp%2Fv2%2Fmedia&parent=32574"}],"wp:term":[{"taxonomy":"category","embeddable":true,"href":"https:\/\/www.egemtv.com\/index.php?rest_route=%2Fwp%2Fv2%2Fcategories&post=32574"},{"taxonomy":"post_tag","embeddable":true,"href":"https:\/\/www.egemtv.com\/index.php?rest_route=%2Fwp%2Fv2%2Ftags&post=32574"}],"curies":[{"name":"wp","href":"https:\/\/api.w.org\/{rel}","templated":true}]}}