{"id":32571,"date":"2025-05-31T10:36:36","date_gmt":"2025-05-31T07:36:36","guid":{"rendered":"https:\/\/www.egemtv.com\/?p=32571"},"modified":"2025-05-31T10:36:41","modified_gmt":"2025-05-31T07:36:41","slug":"kutahyada-organ-bagisi-farkindalik-standi","status":"publish","type":"post","link":"https:\/\/www.egemtv.com\/?p=32571","title":{"rendered":"K\u00fctahya\u2019da organ ba\u011f\u0131\u015f\u0131 fark\u0131ndal\u0131k stand\u0131"},"content":{"rendered":"<p>K\u00fctahya \u015eehir Hastanesi ve Evliya \u00c7elebi E\u011fitim ve Ara\u015ft\u0131rma Hastanesi i\u015fbirli\u011fiyle Sa\u011fl\u0131k Bakanl\u0131\u011f\u0131n\u0131n Organ ve Doku Ba\u011f\u0131\u015f\u0131na dikkat \u00e7ekmek amac\u0131yla olu\u015fturdu\u011fu program \u00e7er\u00e7evesinde K\u00fctahya Sera AVM\u2019 de fark\u0131ndal\u0131k stant\u0131 kuruldu.<br \/>\n<br \/>Organ Ba\u011f\u0131\u015f ve Nakil Koordinat\u00f6rl\u00fckleri taraf\u0131ndan kurulan stantta, organ ba\u011f\u0131\u015f\u0131n\u0131n \u00f6nemini, organ ba\u011f\u0131\u015f bilincini geli\u015ftirmek ve fark\u0131ndal\u0131k olu\u015fturmak amac\u0131yla bro\u015f\u00fcr ve afi\u015flerle bilgilendirme yap\u0131ld\u0131. Organ ba\u011f\u0131\u015f\u0131 yapmak isteyen g\u00f6n\u00fcll\u00fclerin talepleri standa g\u00f6rev yapan Organ Ba\u011f\u0131\u015f Biriminde g\u00f6revli hem\u015firesi taraf\u0131ndan form doldurularak kabul edildi.<br \/>\n<br \/>K\u00fctahya Vali Yard\u0131mc\u0131s\u0131 S\u00fcleyman Oval\u0131, hastane idarecileri ve halk taraf\u0131ndan stant ziyaret edilerek organ ve doku ba\u011f\u0131\u015f\u0131na destek verildi.<br \/><\/p>\n","protected":false},"excerpt":{"rendered":"<p>K\u00fctahya \u015eehir Hastanesi ve Evliya \u00c7elebi E\u011fitim ve Ara\u015ft\u0131rma Hastanesi i\u015fbirli\u011fiyle Sa\u011fl\u0131k Bakanl\u0131\u011f\u0131n\u0131n Organ ve Doku Ba\u011f\u0131\u015f\u0131na dikkat \u00e7ekmek amac\u0131yla olu\u015fturdu\u011fu program \u00e7er\u00e7evesinde K\u00fctahya Sera AVM\u2019 de fark\u0131ndal\u0131k stant\u0131 kuruldu. Organ Ba\u011f\u0131\u015f ve Nakil Koordinat\u00f6rl\u00fckleri taraf\u0131ndan kurulan stantta, organ ba\u011f\u0131\u015f\u0131n\u0131n \u00f6nemini, organ ba\u011f\u0131\u015f bilincini geli\u015ftirmek ve fark\u0131ndal\u0131k olu\u015fturmak amac\u0131yla bro\u015f\u00fcr ve afi\u015flerle bilgilendirme yap\u0131ld\u0131. Organ&#8230;<\/p>\n","protected":false},"author":1,"featured_media":32572,"comment_status":"open","ping_status":"open","sticky":false,"template":"","format":"standard","meta":{"_crdt_document":"","footnotes":""},"categories":[2],"tags":[],"class_list":["post-32571","post","type-post","status-publish","format-standard","has-post-thumbnail","hentry","category-saglik"],"_links":{"self":[{"href":"https:\/\/www.egemtv.com\/index.php?rest_route=\/wp\/v2\/posts\/32571","targetHints":{"allow":["GET"]}}],"collection":[{"href":"https:\/\/www.egemtv.com\/index.php?rest_route=\/wp\/v2\/posts"}],"about":[{"href":"https:\/\/www.egemtv.com\/index.php?rest_route=\/wp\/v2\/types\/post"}],"author":[{"embeddable":true,"href":"https:\/\/www.egemtv.com\/index.php?rest_route=\/wp\/v2\/users\/1"}],"replies":[{"embeddable":true,"href":"https:\/\/www.egemtv.com\/index.php?rest_route=%2Fwp%2Fv2%2Fcomments&post=32571"}],"version-history":[{"count":1,"href":"https:\/\/www.egemtv.com\/index.php?rest_route=\/wp\/v2\/posts\/32571\/revisions"}],"predecessor-version":[{"id":32573,"href":"https:\/\/www.egemtv.com\/index.php?rest_route=\/wp\/v2\/posts\/32571\/revisions\/32573"}],"wp:featuredmedia":[{"embeddable":true,"href":"https:\/\/www.egemtv.com\/index.php?rest_route=\/wp\/v2\/media\/32572"}],"wp:attachment":[{"href":"https:\/\/www.egemtv.com\/index.php?rest_route=%2Fwp%2Fv2%2Fmedia&parent=32571"}],"wp:term":[{"taxonomy":"category","embeddable":true,"href":"https:\/\/www.egemtv.com\/index.php?rest_route=%2Fwp%2Fv2%2Fcategories&post=32571"},{"taxonomy":"post_tag","embeddable":true,"href":"https:\/\/www.egemtv.com\/index.php?rest_route=%2Fwp%2Fv2%2Ftags&post=32571"}],"curies":[{"name":"wp","href":"https:\/\/api.w.org\/{rel}","templated":true}]}}