{"id":32568,"date":"2025-05-31T10:36:34","date_gmt":"2025-05-31T07:36:34","guid":{"rendered":"https:\/\/www.egemtv.com\/?p=32568"},"modified":"2025-05-31T10:36:36","modified_gmt":"2025-05-31T07:36:36","slug":"ozel-ogrenme-guclugu-onerileri-projesi-kapanis-etkinligi-gerceklestirildi","status":"publish","type":"post","link":"https:\/\/www.egemtv.com\/?p=32568","title":{"rendered":"\u00d6zel \u00f6\u011frenme g\u00fc\u00e7l\u00fc\u011f\u00fc \u00f6nerileri projesi kapan\u0131\u015f etkinli\u011fi ger\u00e7ekle\u015ftirildi"},"content":{"rendered":"<p>Mu\u011fla\u2019da \u00f6zel \u00f6\u011frenme g\u00fc\u00e7l\u00fc\u011f\u00fc ya\u015fayan \u00f6\u011frencilere y\u00f6nelik fark\u0131ndal\u0131k ve destek \u00e7al\u0131\u015fmalar\u0131 i\u00e7eren &#8220;\u00d6zel \u00d6\u011frenme G\u00fc\u00e7l\u00fc\u011f\u00fc \u00d6nerileri Projesi\u2019nin kapan\u0131\u015f etkinli\u011fi ger\u00e7ekle\u015ftirildi. Proje, 2024 y\u0131l\u0131 Haziran ay\u0131nda Mu\u011fla Rehberlik Ara\u015ft\u0131rma Merkezi M\u00fcd\u00fcrl\u00fc\u011f\u00fc b\u00fcnyesinde kurulan Ar-Ge Biriminin ilk \u00e7al\u0131\u015fmas\u0131 olarak hayata ge\u00e7irildi.<\/p>\n<p>Projenin y\u00fcr\u00fct\u00fcc\u00fcl\u00fc\u011f\u00fc Mente\u015fe \u0130l\u00e7e Milli E\u011fitim M\u00fcd\u00fcr\u00fc \u0130dris K\u00f6m\u00fcrc\u00fc, \u015fube m\u00fcd\u00fcrleri Ali Kaan Kutlu, Eylen Terzi ve Muhammer Cihan taraf\u0131ndan \u00fcstlenildi. Ar-Ge Proje Koordinat\u00f6rl\u00fc\u011f\u00fcn\u00fc Dilek Erdin\u00e7\u2019in yapt\u0131\u011f\u0131 \u00e7al\u0131\u015fmada uygulamac\u0131 ekipte \u00d6zg\u00fcr Tel, Berna \u00c7elik, Umut Topalo\u011flu, Deniz Esen ve G\u00fczin \u015eahin yer ald\u0131.<\/p>\n<p>Haz\u0131rl\u0131k s\u00fcreci ve materyal geli\u015ftirme a\u015famalar\u0131n\u0131n ard\u0131ndan, 8 Ekim D\u00fcnya Disleksi Fark\u0131ndal\u0131k G\u00fcn\u00fc\u2019nde projenin a\u00e7\u0131l\u0131\u015f etkinli\u011fi d\u00fczenlenerek aktif saha uygulamalar\u0131na ba\u015fland\u0131. Proje kapsam\u0131nda \u00f6zel \u00f6\u011frenme g\u00fc\u00e7l\u00fc\u011f\u00fc ya\u015fayan \u00f6\u011frencilerle birebir \u00e7al\u0131\u015fmalar y\u00fcr\u00fct\u00fcl\u00fcrken, aileleriyle de i\u015f birli\u011fi yap\u0131larak ev ortamlar\u0131 destekleyici hale getirildi. B\u00f6ylece hem e\u011fitimciler hem de aileler aras\u0131nda g\u00fc\u00e7l\u00fc bir koordinasyon sa\u011fland\u0131.<\/p>\n<p>\u00d6\u011fretmenlere y\u00f6nelik e\u011fitim programlar\u0131 d\u00fczenlenirken, proje s\u00fcresince Mu\u011fla S\u0131tk\u0131 Ko\u00e7man \u00dcniversitesi E\u011fitim Fak\u00fcltesi ile i\u015f birli\u011fi geli\u015ftirildi. Her \u00f6\u011frencinin ya\u015fad\u0131\u011f\u0131 \u00f6\u011frenme g\u00fc\u00e7l\u00fc\u011f\u00fcne \u00f6zel y\u00f6ntem, teknik ve materyaller haz\u0131rlanarak uygulamaya konuldu. Ayr\u0131ca projede, Burdur Mehmet Akif Ersoy \u00dcniversitesi E\u011fitim ve Ara\u015ft\u0131rma Hastanesi\u2019nden \u00c7ocuk ve Ergen Psikiyatristi Prof. Dr. Nilfer \u015eahin ve ekibiyle yap\u0131lan i\u015f birli\u011fiyle, \u00e7ocuklar\u0131n t\u0131bbi s\u00fcre\u00e7leri de yak\u0131ndan takip edildi.<\/p>\n<p>Kapan\u0131\u015f etkinli\u011finde konu\u015fan Mente\u015fe \u0130l\u00e7e Milli E\u011fitim M\u00fcd\u00fcr\u00fc \u0130dris K\u00f6m\u00fcrc\u00fc; &#8220;\u00d6zel \u00d6\u011frenme G\u00fc\u00e7l\u00fc\u011f\u00fc \u00d6nerileri Projesi ekibi, uygulama s\u00fcrecini 30 May\u0131s 2025 tarihi itibariyle tamamlam\u0131\u015ft\u0131r. Elde edilen sonu\u00e7lar ve \u00e7ocuklarda g\u00f6zlemlenen iyile\u015fmeyi sa\u011flayan y\u00f6ntem ve teknikler, Mu\u011fla geneline yayg\u0131nla\u015ft\u0131r\u0131lmak \u00fczere M\u00fcd\u00fcrl\u00fc\u011f\u00fcm\u00fcze rapor olarak sunulacakt\u0131r. Bu k\u0131ymetli \u00e7al\u0131\u015fmaya katk\u0131 sunan ve eme\u011fi ge\u00e7en herkese g\u00f6n\u00fclden te\u015fekk\u00fcr ederim &#8220;dedi.<br \/><\/p>\n","protected":false},"excerpt":{"rendered":"<p>Mu\u011fla\u2019da \u00f6zel \u00f6\u011frenme g\u00fc\u00e7l\u00fc\u011f\u00fc ya\u015fayan \u00f6\u011frencilere y\u00f6nelik fark\u0131ndal\u0131k ve destek \u00e7al\u0131\u015fmalar\u0131 i\u00e7eren &#8220;\u00d6zel \u00d6\u011frenme G\u00fc\u00e7l\u00fc\u011f\u00fc \u00d6nerileri Projesi\u2019nin kapan\u0131\u015f etkinli\u011fi ger\u00e7ekle\u015ftirildi. Proje, 2024 y\u0131l\u0131 Haziran ay\u0131nda Mu\u011fla Rehberlik Ara\u015ft\u0131rma Merkezi M\u00fcd\u00fcrl\u00fc\u011f\u00fc b\u00fcnyesinde kurulan Ar-Ge Biriminin ilk \u00e7al\u0131\u015fmas\u0131 olarak hayata ge\u00e7irildi. Projenin y\u00fcr\u00fct\u00fcc\u00fcl\u00fc\u011f\u00fc Mente\u015fe \u0130l\u00e7e Milli E\u011fitim M\u00fcd\u00fcr\u00fc \u0130dris K\u00f6m\u00fcrc\u00fc, \u015fube m\u00fcd\u00fcrleri Ali Kaan Kutlu, Eylen Terzi&#8230;<\/p>\n","protected":false},"author":1,"featured_media":32569,"comment_status":"open","ping_status":"open","sticky":false,"template":"","format":"standard","meta":{"_crdt_document":"","footnotes":""},"categories":[1],"tags":[],"class_list":["post-32568","post","type-post","status-publish","format-standard","has-post-thumbnail","hentry","category-guncel"],"_links":{"self":[{"href":"https:\/\/www.egemtv.com\/index.php?rest_route=\/wp\/v2\/posts\/32568","targetHints":{"allow":["GET"]}}],"collection":[{"href":"https:\/\/www.egemtv.com\/index.php?rest_route=\/wp\/v2\/posts"}],"about":[{"href":"https:\/\/www.egemtv.com\/index.php?rest_route=\/wp\/v2\/types\/post"}],"author":[{"embeddable":true,"href":"https:\/\/www.egemtv.com\/index.php?rest_route=\/wp\/v2\/users\/1"}],"replies":[{"embeddable":true,"href":"https:\/\/www.egemtv.com\/index.php?rest_route=%2Fwp%2Fv2%2Fcomments&post=32568"}],"version-history":[{"count":1,"href":"https:\/\/www.egemtv.com\/index.php?rest_route=\/wp\/v2\/posts\/32568\/revisions"}],"predecessor-version":[{"id":32570,"href":"https:\/\/www.egemtv.com\/index.php?rest_route=\/wp\/v2\/posts\/32568\/revisions\/32570"}],"wp:featuredmedia":[{"embeddable":true,"href":"https:\/\/www.egemtv.com\/index.php?rest_route=\/wp\/v2\/media\/32569"}],"wp:attachment":[{"href":"https:\/\/www.egemtv.com\/index.php?rest_route=%2Fwp%2Fv2%2Fmedia&parent=32568"}],"wp:term":[{"taxonomy":"category","embeddable":true,"href":"https:\/\/www.egemtv.com\/index.php?rest_route=%2Fwp%2Fv2%2Fcategories&post=32568"},{"taxonomy":"post_tag","embeddable":true,"href":"https:\/\/www.egemtv.com\/index.php?rest_route=%2Fwp%2Fv2%2Ftags&post=32568"}],"curies":[{"name":"wp","href":"https:\/\/api.w.org\/{rel}","templated":true}]}}