{"id":32565,"date":"2025-05-31T10:36:29","date_gmt":"2025-05-31T07:36:29","guid":{"rendered":"https:\/\/www.egemtv.com\/?p=32565"},"modified":"2025-05-31T10:36:34","modified_gmt":"2025-05-31T07:36:34","slug":"afyonkarahisarda-yagisli-hava-etkili-oldu","status":"publish","type":"post","link":"https:\/\/www.egemtv.com\/?p=32565","title":{"rendered":"Afyonkarahisar\u2019da ya\u011f\u0131\u015fl\u0131 hava etkili oldu"},"content":{"rendered":"<p>Afyonkarahisar\u2019da d\u00fcn \u00f6\u011fle saatlerinde ba\u015flayan ya\u011fmurlu hava etkisini g\u00f6stermeye devam ediyor.<br \/>\n<br \/>Kentte d\u00fcn \u00f6\u011fle saatlerinde ba\u015flayan ya\u011fmur ya\u011f\u0131\u015f\u0131 gece boyu aral\u0131klarla devam etti. G\u00f6k g\u00fcr\u00fclt\u00fcl\u00fc sa\u011fanak ya\u011f\u0131\u015f\u0131 \u015feklinde ba\u015flayan ya\u011fmur ya\u011f\u0131\u015f\u0131 kent genelinde etkili oldu. Yap\u0131lan meteorolojik tahminlere g\u00f6re ya\u011f\u0131\u015fl\u0131 havan\u0131n bug\u00fcn g\u00fcn boyu devam etmesi bekleniyor. Ya\u011f\u0131\u015fla birlikte hava s\u0131cakl\u0131klar\u0131 da hissedilir derecelerde azalarak 17 derecelere kadar d\u00fc\u015ft\u00fc.<br \/><\/p>\n","protected":false},"excerpt":{"rendered":"<p>Afyonkarahisar\u2019da d\u00fcn \u00f6\u011fle saatlerinde ba\u015flayan ya\u011fmurlu hava etkisini g\u00f6stermeye devam ediyor. Kentte d\u00fcn \u00f6\u011fle saatlerinde ba\u015flayan ya\u011fmur ya\u011f\u0131\u015f\u0131 gece boyu aral\u0131klarla devam etti. G\u00f6k g\u00fcr\u00fclt\u00fcl\u00fc sa\u011fanak ya\u011f\u0131\u015f\u0131 \u015feklinde ba\u015flayan ya\u011fmur ya\u011f\u0131\u015f\u0131 kent genelinde etkili oldu. Yap\u0131lan meteorolojik tahminlere g\u00f6re ya\u011f\u0131\u015fl\u0131 havan\u0131n bug\u00fcn g\u00fcn boyu devam etmesi bekleniyor. Ya\u011f\u0131\u015fla birlikte hava s\u0131cakl\u0131klar\u0131 da hissedilir derecelerde azalarak&#8230;<\/p>\n","protected":false},"author":1,"featured_media":32566,"comment_status":"open","ping_status":"open","sticky":false,"template":"","format":"standard","meta":{"_crdt_document":"","footnotes":""},"categories":[1],"tags":[],"class_list":["post-32565","post","type-post","status-publish","format-standard","has-post-thumbnail","hentry","category-guncel"],"_links":{"self":[{"href":"https:\/\/www.egemtv.com\/index.php?rest_route=\/wp\/v2\/posts\/32565","targetHints":{"allow":["GET"]}}],"collection":[{"href":"https:\/\/www.egemtv.com\/index.php?rest_route=\/wp\/v2\/posts"}],"about":[{"href":"https:\/\/www.egemtv.com\/index.php?rest_route=\/wp\/v2\/types\/post"}],"author":[{"embeddable":true,"href":"https:\/\/www.egemtv.com\/index.php?rest_route=\/wp\/v2\/users\/1"}],"replies":[{"embeddable":true,"href":"https:\/\/www.egemtv.com\/index.php?rest_route=%2Fwp%2Fv2%2Fcomments&post=32565"}],"version-history":[{"count":1,"href":"https:\/\/www.egemtv.com\/index.php?rest_route=\/wp\/v2\/posts\/32565\/revisions"}],"predecessor-version":[{"id":32567,"href":"https:\/\/www.egemtv.com\/index.php?rest_route=\/wp\/v2\/posts\/32565\/revisions\/32567"}],"wp:featuredmedia":[{"embeddable":true,"href":"https:\/\/www.egemtv.com\/index.php?rest_route=\/wp\/v2\/media\/32566"}],"wp:attachment":[{"href":"https:\/\/www.egemtv.com\/index.php?rest_route=%2Fwp%2Fv2%2Fmedia&parent=32565"}],"wp:term":[{"taxonomy":"category","embeddable":true,"href":"https:\/\/www.egemtv.com\/index.php?rest_route=%2Fwp%2Fv2%2Fcategories&post=32565"},{"taxonomy":"post_tag","embeddable":true,"href":"https:\/\/www.egemtv.com\/index.php?rest_route=%2Fwp%2Fv2%2Ftags&post=32565"}],"curies":[{"name":"wp","href":"https:\/\/api.w.org\/{rel}","templated":true}]}}