{"id":32562,"date":"2025-05-31T10:36:26","date_gmt":"2025-05-31T07:36:26","guid":{"rendered":"https:\/\/www.egemtv.com\/?p=32562"},"modified":"2025-05-31T10:36:29","modified_gmt":"2025-05-31T07:36:29","slug":"hisarcikta-ehliyetsiz-surucu-polisten-kacarken-kaza-yapip-yaralandi","status":"publish","type":"post","link":"https:\/\/www.egemtv.com\/?p=32562","title":{"rendered":"Hisarc\u0131k\u2019ta ehliyetsiz s\u00fcr\u00fcc\u00fc polisten ka\u00e7arken kaza yap\u0131p yaraland\u0131"},"content":{"rendered":"<p>K\u00fctahya\u2019n\u0131n Hisarc\u0131k il\u00e7esinde polisin &#8220;dur&#8221; ihtar\u0131na uymayarak ka\u00e7an 17 ya\u015f\u0131ndaki ehliyetsiz s\u00fcr\u00fcc\u00fc arac\u0131yla kaza yap\u0131p yaraland\u0131.<br \/>\n<br \/>Edinilen bilgiye g\u00f6re, M.A.A. idaresindeki 35 CEL 723 plakal\u0131 otomobil, Ye\u015filhisar Mahallesi\u2019nde uygulama yapan trafik polisinin &#8220;dur&#8221; ihtar\u0131na uymayarak ka\u00e7t\u0131. K\u0131sa s\u00fcren kovalamacan\u0131n esnas\u0131nda  M.A.A. arac\u0131n direksiyon hakimiyetini kaybederek yaya kald\u0131r\u0131m\u0131na \u00e7\u0131k\u0131p a\u011fa\u00e7 ile evin duvar\u0131n\u0131n aras\u0131na s\u0131k\u0131\u015ft\u0131.<br \/>\n<br \/>Durumun 112 Acil \u00c7a\u011fr\u0131 Merkezi\u2019ne bildirilmesi \u00fczerine olay yerine sa\u011fl\u0131k ekipleri sevk edildi. Yaral\u0131 gen\u00e7, ambulansla Hisarc\u0131k Devlet Hastanesine kald\u0131r\u0131larak tedavi alt\u0131na al\u0131nd\u0131.<br \/>\n<br \/>17 ya\u015f\u0131ndaki gencin ehliyetsiz oldu\u011fu i\u00e7in &#8220;dur&#8221; ihtar\u0131na uymad\u0131\u011f\u0131 \u00f6\u011frenildi.<br \/><\/p>\n","protected":false},"excerpt":{"rendered":"<p>K\u00fctahya\u2019n\u0131n Hisarc\u0131k il\u00e7esinde polisin &#8220;dur&#8221; ihtar\u0131na uymayarak ka\u00e7an 17 ya\u015f\u0131ndaki ehliyetsiz s\u00fcr\u00fcc\u00fc arac\u0131yla kaza yap\u0131p yaraland\u0131. Edinilen bilgiye g\u00f6re, M.A.A. idaresindeki 35 CEL 723 plakal\u0131 otomobil, Ye\u015filhisar Mahallesi\u2019nde uygulama yapan trafik polisinin &#8220;dur&#8221; ihtar\u0131na uymayarak ka\u00e7t\u0131. K\u0131sa s\u00fcren kovalamacan\u0131n esnas\u0131nda M.A.A. arac\u0131n direksiyon hakimiyetini kaybederek yaya kald\u0131r\u0131m\u0131na \u00e7\u0131k\u0131p a\u011fa\u00e7 ile evin duvar\u0131n\u0131n aras\u0131na s\u0131k\u0131\u015ft\u0131. Durumun&#8230;<\/p>\n","protected":false},"author":1,"featured_media":32563,"comment_status":"open","ping_status":"open","sticky":false,"template":"","format":"standard","meta":{"_crdt_document":"","footnotes":""},"categories":[5],"tags":[],"class_list":["post-32562","post","type-post","status-publish","format-standard","has-post-thumbnail","hentry","category-asayis"],"_links":{"self":[{"href":"https:\/\/www.egemtv.com\/index.php?rest_route=\/wp\/v2\/posts\/32562","targetHints":{"allow":["GET"]}}],"collection":[{"href":"https:\/\/www.egemtv.com\/index.php?rest_route=\/wp\/v2\/posts"}],"about":[{"href":"https:\/\/www.egemtv.com\/index.php?rest_route=\/wp\/v2\/types\/post"}],"author":[{"embeddable":true,"href":"https:\/\/www.egemtv.com\/index.php?rest_route=\/wp\/v2\/users\/1"}],"replies":[{"embeddable":true,"href":"https:\/\/www.egemtv.com\/index.php?rest_route=%2Fwp%2Fv2%2Fcomments&post=32562"}],"version-history":[{"count":1,"href":"https:\/\/www.egemtv.com\/index.php?rest_route=\/wp\/v2\/posts\/32562\/revisions"}],"predecessor-version":[{"id":32564,"href":"https:\/\/www.egemtv.com\/index.php?rest_route=\/wp\/v2\/posts\/32562\/revisions\/32564"}],"wp:featuredmedia":[{"embeddable":true,"href":"https:\/\/www.egemtv.com\/index.php?rest_route=\/wp\/v2\/media\/32563"}],"wp:attachment":[{"href":"https:\/\/www.egemtv.com\/index.php?rest_route=%2Fwp%2Fv2%2Fmedia&parent=32562"}],"wp:term":[{"taxonomy":"category","embeddable":true,"href":"https:\/\/www.egemtv.com\/index.php?rest_route=%2Fwp%2Fv2%2Fcategories&post=32562"},{"taxonomy":"post_tag","embeddable":true,"href":"https:\/\/www.egemtv.com\/index.php?rest_route=%2Fwp%2Fv2%2Ftags&post=32562"}],"curies":[{"name":"wp","href":"https:\/\/api.w.org\/{rel}","templated":true}]}}