{"id":32559,"date":"2025-05-31T10:36:22","date_gmt":"2025-05-31T07:36:22","guid":{"rendered":"https:\/\/www.egemtv.com\/?p=32559"},"modified":"2025-05-31T10:36:26","modified_gmt":"2025-05-31T07:36:26","slug":"tavsanlida-bin-fidan-toprakla-bulustu-sanayi-ile-doga-el-ele","status":"publish","type":"post","link":"https:\/\/www.egemtv.com\/?p=32559","title":{"rendered":"Tav\u015fanl\u0131\u2019da bin fidan toprakla bulu\u015ftu, sanayi ile do\u011fa el ele"},"content":{"rendered":"<p>K\u00fctahya\u2019n\u0131n Tav\u015fanl\u0131 il\u00e7esinde do\u011fa sevgisi ve \u00e7evre bilincini art\u0131rmak amac\u0131yla d\u00fczenlenen fidan dikim etkinli\u011fi yo\u011fun ilgi g\u00f6rd\u00fc. &#8220;K\u00f6klerinden Hayat Var&#8221; slogan\u0131yla hayata ge\u00e7irilen organizasyon, K\u00fctahya Orman M\u00fcd\u00fcrl\u00fc\u011f\u00fc ile Tav\u015fanl\u0131 Ticaret ve Sanayi Odas\u0131 Kad\u0131n Giri\u015fimciler Kurulu i\u015f birli\u011finde Tav\u015fanl\u0131 Organize Sanayi B\u00f6lgesi\u2019nde ger\u00e7ekle\u015ftirildi.<br \/>\n<br \/>Etkinlik kapsam\u0131nda bin fidan toprakla bulu\u015fturuldu. Do\u011faya katk\u0131 sa\u011flamak ve gelecek nesillere daha ya\u015fanabilir bir \u00e7evre b\u0131rakmak amac\u0131yla d\u00fczenlenen programa, Tav\u015fanl\u0131 Kaymakam\u0131 Hayrettin Bask\u0131n, il\u00e7e protokol\u00fc \u00fcyeleri, K\u00fctahya Dumlup\u0131nar \u00dcniversitesi \u00f6\u011frencileri ve b\u00f6lgede faaliyet g\u00f6steren fabrikalar\u0131n personeli kat\u0131ld\u0131.<br \/>\n<br \/>Kat\u0131l\u0131mc\u0131lar, birlikte \u00fcretmenin ve do\u011faya katk\u0131 sunman\u0131n gururunu ya\u015fad\u0131klar\u0131n\u0131 ifade ederken, organizasyonda eme\u011fi ge\u00e7en kurumlara ve g\u00f6n\u00fcll\u00fclere te\u015fekk\u00fcr edildi. Etkinli\u011fin, sanayi ve do\u011fan\u0131n uyum i\u00e7inde var olabilece\u011fine dair g\u00fc\u00e7l\u00fc bir mesaj verdi\u011fi vurguland\u0131.<br \/>\n<br \/>Tav\u015fanl\u0131 Ticaret ve Sanayi Odas\u0131 Kad\u0131n Giri\u015fimciler Kurulu Ba\u015fkan\u0131 \u015eule Arslan Ozan, etkinli\u011fe ili\u015fkin yapt\u0131\u011f\u0131 a\u00e7\u0131klamada \u015fu ifadeleri kulland\u0131: &#8220;Tav\u015fanl\u0131 Ticaret ve Sanayi Odas\u0131 Kad\u0131n Giri\u015fimciler Kurulu olarak bin fidan\u0131 toprakla bulu\u015fturuyoruz. \u00d6zellikle Organize Sanayi B\u00f6lgesi\u2019ni tercih ettik \u00e7\u00fcnk\u00fc kad\u0131nlar\u0131n sanayide yaln\u0131zca istihdamla de\u011fil, do\u011fa ve \u00e7evre dostu yakla\u015f\u0131mlarla da var oldu\u011funu g\u00f6stermek istedik. Bu etkinliklerimizi her y\u0131l s\u00fcrd\u00fcrmeyi planl\u0131yoruz. Kad\u0131nlar\u0131m\u0131z\u0131n ad\u0131n\u0131 burada ya\u015fatmak, her biri ad\u0131na birer fidan dikmek bizler i\u00e7in \u00e7ok anlaml\u0131. Ayr\u0131ca ileride bu b\u00f6lgelerde hava kirlili\u011finin artabilece\u011fi \u00f6ng\u00f6r\u00fcs\u00fcyle bol oksijen \u00fcreten a\u011fa\u00e7lar\u0131 do\u011faya kazand\u0131rmay\u0131 ama\u00e7lad\u0131k.&#8221;<br \/><\/p>\n","protected":false},"excerpt":{"rendered":"<p>K\u00fctahya\u2019n\u0131n Tav\u015fanl\u0131 il\u00e7esinde do\u011fa sevgisi ve \u00e7evre bilincini art\u0131rmak amac\u0131yla d\u00fczenlenen fidan dikim etkinli\u011fi yo\u011fun ilgi g\u00f6rd\u00fc. &#8220;K\u00f6klerinden Hayat Var&#8221; slogan\u0131yla hayata ge\u00e7irilen organizasyon, K\u00fctahya Orman M\u00fcd\u00fcrl\u00fc\u011f\u00fc ile Tav\u015fanl\u0131 Ticaret ve Sanayi Odas\u0131 Kad\u0131n Giri\u015fimciler Kurulu i\u015f birli\u011finde Tav\u015fanl\u0131 Organize Sanayi B\u00f6lgesi\u2019nde ger\u00e7ekle\u015ftirildi. Etkinlik kapsam\u0131nda bin fidan toprakla bulu\u015fturuldu. Do\u011faya katk\u0131 sa\u011flamak ve gelecek nesillere&#8230;<\/p>\n","protected":false},"author":1,"featured_media":32560,"comment_status":"open","ping_status":"open","sticky":false,"template":"","format":"standard","meta":{"_crdt_document":"","footnotes":""},"categories":[1],"tags":[],"class_list":["post-32559","post","type-post","status-publish","format-standard","has-post-thumbnail","hentry","category-guncel"],"_links":{"self":[{"href":"https:\/\/www.egemtv.com\/index.php?rest_route=\/wp\/v2\/posts\/32559","targetHints":{"allow":["GET"]}}],"collection":[{"href":"https:\/\/www.egemtv.com\/index.php?rest_route=\/wp\/v2\/posts"}],"about":[{"href":"https:\/\/www.egemtv.com\/index.php?rest_route=\/wp\/v2\/types\/post"}],"author":[{"embeddable":true,"href":"https:\/\/www.egemtv.com\/index.php?rest_route=\/wp\/v2\/users\/1"}],"replies":[{"embeddable":true,"href":"https:\/\/www.egemtv.com\/index.php?rest_route=%2Fwp%2Fv2%2Fcomments&post=32559"}],"version-history":[{"count":1,"href":"https:\/\/www.egemtv.com\/index.php?rest_route=\/wp\/v2\/posts\/32559\/revisions"}],"predecessor-version":[{"id":32561,"href":"https:\/\/www.egemtv.com\/index.php?rest_route=\/wp\/v2\/posts\/32559\/revisions\/32561"}],"wp:featuredmedia":[{"embeddable":true,"href":"https:\/\/www.egemtv.com\/index.php?rest_route=\/wp\/v2\/media\/32560"}],"wp:attachment":[{"href":"https:\/\/www.egemtv.com\/index.php?rest_route=%2Fwp%2Fv2%2Fmedia&parent=32559"}],"wp:term":[{"taxonomy":"category","embeddable":true,"href":"https:\/\/www.egemtv.com\/index.php?rest_route=%2Fwp%2Fv2%2Fcategories&post=32559"},{"taxonomy":"post_tag","embeddable":true,"href":"https:\/\/www.egemtv.com\/index.php?rest_route=%2Fwp%2Fv2%2Ftags&post=32559"}],"curies":[{"name":"wp","href":"https:\/\/api.w.org\/{rel}","templated":true}]}}