{"id":32556,"date":"2025-05-31T10:36:18","date_gmt":"2025-05-31T07:36:18","guid":{"rendered":"https:\/\/www.egemtv.com\/?p=32556"},"modified":"2025-05-31T10:36:22","modified_gmt":"2025-05-31T07:36:22","slug":"her-gun-ise-gider-gibi-hirsizlik-yapip-140-ayri-suctan-20-milyonluk-vurgun-yapti","status":"publish","type":"post","link":"https:\/\/www.egemtv.com\/?p=32556","title":{"rendered":"Her g\u00fcn i\u015fe gider gibi h\u0131rs\u0131zl\u0131k yap\u0131p, 140 ayr\u0131 su\u00e7tan 20 milyonluk vurgun yapt\u0131"},"content":{"rendered":"<p>Denizli\u2019de,  son yapt\u0131\u011f\u0131 h\u0131rs\u0131zl\u0131k olay\u0131 ile Denizli \u0130l Jandarma Komutanl\u0131\u011f\u0131 Su\u00e7 Ara\u015ft\u0131rma Timi (JASAT) taraf\u0131ndan mercek alt\u0131na al\u0131nan \u015fah\u0131s\u0131n kiral\u0131k ara\u00e7lar ile 7 ayda yapt\u0131\u011f\u0131 140 h\u0131rs\u0131zl\u0131k olay\u0131ndan toplamda 20 milyon TL\u2019lik haks\u0131z kazan\u00e7 elde etti\u011fi belirlendi. \u00d6zellikle Eyl\u00fcl ay\u0131nda kapat\u0131lan bir fabrika binas\u0131nda h\u0131rs\u0131zl\u0131k yapan \u015fah\u0131s fabrikada eline ge\u00e7tiyse \u00e7ald\u0131. JASAT taraf\u0131ndan d\u00fczenlenen operasyonla g\u00f6zalt\u0131na al\u0131nan \u015fah\u0131s \u00e7\u0131kart\u0131ld\u0131\u011f\u0131 adli makam taraf\u0131ndan tutukland\u0131.<br \/>\n<br \/>Olay, Denizli\u2019nin Tavas \u0130l\u00e7esinde meydana geldi. Edinilen bilgiye g\u00f6re, Denizli\u2019nin Pamukkale \u0130l\u00e7esi Cankurtaran Mahallesinde bir evde yapt\u0131\u011f\u0131 son h\u0131rs\u0131zl\u0131k olay\u0131 ile,  Denizli \u0130l Jandarma Komutanl\u0131\u011f\u0131 Su\u00e7 Ara\u015ft\u0131rma Timi (JASAT) ekiplerinin takibine tak\u0131lan \u015f\u00fcpheli \u015e\u00fckr\u00fc A. hakk\u0131nda yap\u0131lan incelemelerde dedektifleri bile \u015fa\u015fk\u0131na \u00e7eviren olaylar ortaya \u00e7\u0131kt\u0131. \u015e\u00fckr\u00fc A.\u2019n\u0131n Eyl\u00fcl 2024 tarihinden Mart 2025 Tarihine kadar olan 7 ayl\u0131k ge\u00e7mi\u015f olaylar\u0131n\u0131 mercek alt\u0131na alan JASAT ekipleri \u015fah\u0131s\u0131n 7 ayda 140 h\u0131rs\u0131zl\u0131k olay\u0131 ger\u00e7ekle\u015ftirdi\u011fini belirledi. \u00d6zellikle eyl\u00fcl ay\u0131nda kapat\u0131lan bir fabrika binas\u0131nda soygun yapan \u015e\u00fckr\u00fc A. fabrikaya her g\u00fcn i\u015fe gider gibi giderek h\u0131rs\u0131zl\u0131k yapt\u0131\u011f\u0131 ve bina fabrika i\u00e7erisinden kap\u0131, pencere, ranza, kalorifer pete\u011fi, kablo, musluk gibi eline ne ge\u00e7tiyse \u00e7ald\u0131. Olaydan habersiz fabrika yetkililerinin fabrikaya kontrol ama\u00e7l\u0131 geldiklerinde bombo\u015f bina ile kar\u015f\u0131la\u015ft\u0131lar. yapt\u0131\u011f\u0131 h\u0131rs\u0131zlar\u0131 kiralad\u0131\u011f\u0131 ara\u00e7larla yapt\u0131\u011f\u0131 tespit edilen \u015e\u00fckr\u00fc A\u2019n\u0131n 7 ayda ay da yapt\u0131\u011f\u0131 140 soygundan 20 milyon TL\u2019lik haks\u0131z kazan\u00e7 elde etti\u011fi belirlendi. JASAT ekiplerinin d\u00fczenledi\u011fi operasyonla g\u00f6z alt\u0131na al\u0131nan \u015e\u00fckr\u00fc A. karakoldaki i\u015flemlerinin ard\u0131ndan adli makamlara sevk edildi. \u015e\u00fckr\u00fc A. \u00e7\u0131kart\u0131ld\u0131\u011f\u0131 mahkemece tutuklanarak cezaevine g\u00f6nderildi.<br \/>\n<br \/>Ayr\u0131ca \u015f\u00fcpheli \u015e\u00fckr\u00fc A.\u2019n\u0131n h\u0131rs\u0131zl\u0131k ve bor\u00e7lunun \u00f6deme \u015fart\u0131n\u0131 ihlali gibi konulardan 8 adet sab\u0131ka kayd\u0131n\u0131n oldu\u011fu ifade edildi.<br \/><\/p>\n","protected":false},"excerpt":{"rendered":"<p>Denizli\u2019de, son yapt\u0131\u011f\u0131 h\u0131rs\u0131zl\u0131k olay\u0131 ile Denizli \u0130l Jandarma Komutanl\u0131\u011f\u0131 Su\u00e7 Ara\u015ft\u0131rma Timi (JASAT) taraf\u0131ndan mercek alt\u0131na al\u0131nan \u015fah\u0131s\u0131n kiral\u0131k ara\u00e7lar ile 7 ayda yapt\u0131\u011f\u0131 140 h\u0131rs\u0131zl\u0131k olay\u0131ndan toplamda 20 milyon TL\u2019lik haks\u0131z kazan\u00e7 elde etti\u011fi belirlendi. \u00d6zellikle Eyl\u00fcl ay\u0131nda kapat\u0131lan bir fabrika binas\u0131nda h\u0131rs\u0131zl\u0131k yapan \u015fah\u0131s fabrikada eline ge\u00e7tiyse \u00e7ald\u0131. JASAT taraf\u0131ndan d\u00fczenlenen operasyonla&#8230;<\/p>\n","protected":false},"author":1,"featured_media":32557,"comment_status":"open","ping_status":"open","sticky":false,"template":"","format":"standard","meta":{"_crdt_document":"","footnotes":""},"categories":[5],"tags":[],"class_list":["post-32556","post","type-post","status-publish","format-standard","has-post-thumbnail","hentry","category-asayis"],"_links":{"self":[{"href":"https:\/\/www.egemtv.com\/index.php?rest_route=\/wp\/v2\/posts\/32556","targetHints":{"allow":["GET"]}}],"collection":[{"href":"https:\/\/www.egemtv.com\/index.php?rest_route=\/wp\/v2\/posts"}],"about":[{"href":"https:\/\/www.egemtv.com\/index.php?rest_route=\/wp\/v2\/types\/post"}],"author":[{"embeddable":true,"href":"https:\/\/www.egemtv.com\/index.php?rest_route=\/wp\/v2\/users\/1"}],"replies":[{"embeddable":true,"href":"https:\/\/www.egemtv.com\/index.php?rest_route=%2Fwp%2Fv2%2Fcomments&post=32556"}],"version-history":[{"count":1,"href":"https:\/\/www.egemtv.com\/index.php?rest_route=\/wp\/v2\/posts\/32556\/revisions"}],"predecessor-version":[{"id":32558,"href":"https:\/\/www.egemtv.com\/index.php?rest_route=\/wp\/v2\/posts\/32556\/revisions\/32558"}],"wp:featuredmedia":[{"embeddable":true,"href":"https:\/\/www.egemtv.com\/index.php?rest_route=\/wp\/v2\/media\/32557"}],"wp:attachment":[{"href":"https:\/\/www.egemtv.com\/index.php?rest_route=%2Fwp%2Fv2%2Fmedia&parent=32556"}],"wp:term":[{"taxonomy":"category","embeddable":true,"href":"https:\/\/www.egemtv.com\/index.php?rest_route=%2Fwp%2Fv2%2Fcategories&post=32556"},{"taxonomy":"post_tag","embeddable":true,"href":"https:\/\/www.egemtv.com\/index.php?rest_route=%2Fwp%2Fv2%2Ftags&post=32556"}],"curies":[{"name":"wp","href":"https:\/\/api.w.org\/{rel}","templated":true}]}}