{"id":32553,"date":"2025-05-31T09:55:18","date_gmt":"2025-05-31T06:55:18","guid":{"rendered":"https:\/\/www.egemtv.com\/?p=32553"},"modified":"2025-05-31T09:55:23","modified_gmt":"2025-05-31T06:55:23","slug":"turk-dunyasi-babadagda-bulustu","status":"publish","type":"post","link":"https:\/\/www.egemtv.com\/?p=32553","title":{"rendered":"T\u00fcrk d\u00fcnyas\u0131 Babada\u011f\u2019da bulu\u015ftu"},"content":{"rendered":"<p>\u0130stanbul\u2019un fethinin 572. Y\u0131ld\u00f6n\u00fcm\u00fc, Denizli\u2019de Babada\u011f Belediyesinin ev sahipli\u011finde d\u00fczenlenen anlaml\u0131 bir etkinlikle kutland\u0131. T\u00fcrkiye ve Kazakistan t\u00fcrk\u00fcleriyle \u015fiirlerinin okundu\u011fu gecede fetih co\u015fkusu ya\u015fat\u0131ld\u0131.<\/p>\n<p>\u0130stanbul\u2019un fethinin 572. y\u0131ld\u00f6n\u00fcm\u00fc; Babada\u011f Belediyesi ile Pamukkale \u00dcniversitesi T\u00fcrk Dili ve Edebiyat\u0131 B\u00f6l\u00fcm Ba\u015fkan\u0131 Prof. Dr. Turgut Tok\u2019un \u00f6nc\u00fcl\u00fc\u011f\u00fcnde Pamukkale \u00dcniversitesi T\u00fcrk Dili ve Edebiyat\u0131 B\u00f6l\u00fcm\u00fc i\u015fbirli\u011finde ger\u00e7ekle\u015ftirilen anlaml\u0131 bir etkinlik ile kutland\u0131. &#8220;Fatih ve Fetih Ruhu &#8211; T\u00fcrk D\u00fcnyas\u0131 Babada\u011f\u2019da Bulu\u015fuyor&#8221; temas\u0131yla Babada\u011f Spor Salonunda d\u00fczenlenen etkinlikte, Denizli Pamukkale \u00dcniversitesinde e\u011fitimlerini s\u00fcrd\u00fcren ve T\u00fcrk d\u00fcnyas\u0131n\u0131n di\u011fer \u00fclkelerinden gelen \u00f6\u011frenciler de yer ald\u0131.<br \/>\n<br \/>Etkinli\u011fe Babada\u011f Kaymakam\u0131 \u0130lhan Kaya\u015f, Babada\u011f Belediye Ba\u015fkan\u0131 Murat Kumral, AK Parti \u0130l Kad\u0131n Kollar\u0131 Ba\u015fkan\u0131 M\u00fcnevver Tekaslan, belediye ba\u015fkanlar\u0131n\u0131, akademisyenler ve \u00e7ok say\u0131da davetli kat\u0131ld\u0131.<\/p>\n<p>Etkinlikte konu\u015fan Babada\u011f Belediye Ba\u015fkan\u0131 Murat Kumral, \u0130stanbul\u2019un fethinin 572. y\u0131ld\u00f6n\u00fcm\u00fc Babada\u011f\u2019da d\u00fczenlediklerini etkinlikle kutlad\u0131klar\u0131n\u0131 belirterek; &#8220;Bu anlaml\u0131 g\u00fcnde, T\u00fcrk D\u00fcnyas\u0131n\u0131 Babada\u011f\u2019da bir araya getirerek; k\u00fclt\u00fcrel ba\u011flar\u0131m\u0131z\u0131 g\u00fc\u00e7lendirdik, fetih ruhunu birlikte ya\u015fad\u0131k. K\u0131ymetli akademisyenlerimize ve sevgili \u00f6\u011frencilerimize te\u015fekk\u00fcr sertifikalar\u0131n\u0131 ve hediyelerini takdim ettik. Bu anlaml\u0131 bulu\u015fmaya destek veren t\u00fcm kurumlar\u0131m\u0131za, emek veren herkese ve kat\u0131l\u0131m sa\u011flayan de\u011ferli misafirlerimize te\u015fekk\u00fcr ederiz. Nice etkinliklerde bulu\u015fmak dile\u011fiyle&#8221; dedi.<\/p>\n<p>Etkinlikte Kazak \u00f6\u011frenciler, y\u00f6relerine \u00f6zg\u00fc t\u00fcrk\u00fcleri, \u015fiirleri ve danslar\u0131 sergiledi. Gecede seslendirilen birbirinden T\u00fcrk d\u00fcnyas\u0131na \u00f6zg\u00fc kahramanl\u0131k t\u00fcrk\u00fcleri ise b\u00fcy\u00fck be\u011feni toplad\u0131.<br \/><\/p>\n","protected":false},"excerpt":{"rendered":"<p>\u0130stanbul\u2019un fethinin 572. Y\u0131ld\u00f6n\u00fcm\u00fc, Denizli\u2019de Babada\u011f Belediyesinin ev sahipli\u011finde d\u00fczenlenen anlaml\u0131 bir etkinlikle kutland\u0131. T\u00fcrkiye ve Kazakistan t\u00fcrk\u00fcleriyle \u015fiirlerinin okundu\u011fu gecede fetih co\u015fkusu ya\u015fat\u0131ld\u0131. \u0130stanbul\u2019un fethinin 572. y\u0131ld\u00f6n\u00fcm\u00fc; Babada\u011f Belediyesi ile Pamukkale \u00dcniversitesi T\u00fcrk Dili ve Edebiyat\u0131 B\u00f6l\u00fcm Ba\u015fkan\u0131 Prof. Dr. Turgut Tok\u2019un \u00f6nc\u00fcl\u00fc\u011f\u00fcnde Pamukkale \u00dcniversitesi T\u00fcrk Dili ve Edebiyat\u0131 B\u00f6l\u00fcm\u00fc i\u015fbirli\u011finde ger\u00e7ekle\u015ftirilen anlaml\u0131 bir&#8230;<\/p>\n","protected":false},"author":1,"featured_media":32554,"comment_status":"open","ping_status":"open","sticky":false,"template":"","format":"standard","meta":{"_crdt_document":"","footnotes":""},"categories":[1],"tags":[],"class_list":["post-32553","post","type-post","status-publish","format-standard","has-post-thumbnail","hentry","category-guncel"],"_links":{"self":[{"href":"https:\/\/www.egemtv.com\/index.php?rest_route=\/wp\/v2\/posts\/32553","targetHints":{"allow":["GET"]}}],"collection":[{"href":"https:\/\/www.egemtv.com\/index.php?rest_route=\/wp\/v2\/posts"}],"about":[{"href":"https:\/\/www.egemtv.com\/index.php?rest_route=\/wp\/v2\/types\/post"}],"author":[{"embeddable":true,"href":"https:\/\/www.egemtv.com\/index.php?rest_route=\/wp\/v2\/users\/1"}],"replies":[{"embeddable":true,"href":"https:\/\/www.egemtv.com\/index.php?rest_route=%2Fwp%2Fv2%2Fcomments&post=32553"}],"version-history":[{"count":1,"href":"https:\/\/www.egemtv.com\/index.php?rest_route=\/wp\/v2\/posts\/32553\/revisions"}],"predecessor-version":[{"id":32555,"href":"https:\/\/www.egemtv.com\/index.php?rest_route=\/wp\/v2\/posts\/32553\/revisions\/32555"}],"wp:featuredmedia":[{"embeddable":true,"href":"https:\/\/www.egemtv.com\/index.php?rest_route=\/wp\/v2\/media\/32554"}],"wp:attachment":[{"href":"https:\/\/www.egemtv.com\/index.php?rest_route=%2Fwp%2Fv2%2Fmedia&parent=32553"}],"wp:term":[{"taxonomy":"category","embeddable":true,"href":"https:\/\/www.egemtv.com\/index.php?rest_route=%2Fwp%2Fv2%2Fcategories&post=32553"},{"taxonomy":"post_tag","embeddable":true,"href":"https:\/\/www.egemtv.com\/index.php?rest_route=%2Fwp%2Fv2%2Ftags&post=32553"}],"curies":[{"name":"wp","href":"https:\/\/api.w.org\/{rel}","templated":true}]}}