{"id":32547,"date":"2025-05-31T06:54:42","date_gmt":"2025-05-31T03:54:42","guid":{"rendered":"https:\/\/www.egemtv.com\/?p=32547"},"modified":"2025-05-31T06:54:43","modified_gmt":"2025-05-31T03:54:43","slug":"denizli-4-farkli-operasyonda-yakalan-15-zehir-tacirinin-12si-tutuklandi","status":"publish","type":"post","link":"https:\/\/www.egemtv.com\/?p=32547","title":{"rendered":"Denizli 4 farkl\u0131 operasyonda yakalan 15 zehir tacirinin 12\u2019si tutukland\u0131"},"content":{"rendered":"<p>Denizli\u2019de narkotik timleri kentte zehir tacirli\u011fi yapan \u015f\u00fcpheli \u015fah\u0131slara y\u00f6nelik d\u00fczenledi\u011fi operasyonda 15 \u015f\u00fcpheli \u015fahs\u0131 g\u00f6zalt\u0131na ald\u0131. Narkotik madde aram k\u00f6pe\u011finin de kat\u0131ld\u0131\u011f\u0131 operasyon kapsam\u0131nda \u015f\u00fcpheli \u015fah\u0131slar\u0131n evlerinde yap\u0131lan aramalarda \u00e7ok say\u0131da uyu\u015fturucu madde ele ge\u00e7irildi.<br \/>\n<br \/>Denizli Emniyet M\u00fcd\u00fcrl\u00fc\u011f\u00fc Narkotik Su\u00e7larla M\u00fccadele \u015eube M\u00fcd\u00fcrl\u00fc\u011f\u00fcne ba\u011fl\u0131 ekipler kentte uyu\u015fturucu madde ticareti yapan ve torbac\u0131 olarak tabir edilen sokak sat\u0131c\u0131lar\u0131na y\u00f6nelik operasyon d\u00fczenledi. Zehir tacirlerine y\u00f6nelik d\u00fczenlenen 4 farkl\u0131 operasyonda 15 \u015f\u00fcpheli g\u00f6zalt\u0131na al\u0131nd\u0131. \u015e\u00fcpheli \u015fah\u0131slar\u0131n ikametlerinde, ara\u00e7lar\u0131nda ve \u00fcstlerinde narkotik madde arama k\u00f6pe\u011fi destekli yap\u0131lan aramalarda 8 bin 372 adet sentetik ecza hap, bin 855 kullan\u0131ml\u0131k k\u00e2\u011f\u0131da emdirilmi\u015f sentetik kannabinoid, 16 gram esrar, 18 gram metamfetamin, 2 adet hassas terazi, uyu\u015fturucu madde ticaretinden elde edildi\u011fi de\u011ferlendirilen 29 bin 800 TL para ele ge\u00e7irildi. Binlerce uyu\u015fturucu hap\u0131n koliler i\u00e7erisinde oldu\u011fu g\u00f6r\u00fcld\u00fc. Emniyetteki i\u015flemlerinin ard\u0131ndan adliyeye sevk edilen \u015f\u00fcphelilerden 12\u2019si tutuklan\u0131rken, 3\u2019\u00fc serbest b\u0131rak\u0131ld\u0131.<br \/><\/p>\n","protected":false},"excerpt":{"rendered":"<p>Denizli\u2019de narkotik timleri kentte zehir tacirli\u011fi yapan \u015f\u00fcpheli \u015fah\u0131slara y\u00f6nelik d\u00fczenledi\u011fi operasyonda 15 \u015f\u00fcpheli \u015fahs\u0131 g\u00f6zalt\u0131na ald\u0131. Narkotik madde aram k\u00f6pe\u011finin de kat\u0131ld\u0131\u011f\u0131 operasyon kapsam\u0131nda \u015f\u00fcpheli \u015fah\u0131slar\u0131n evlerinde yap\u0131lan aramalarda \u00e7ok say\u0131da uyu\u015fturucu madde ele ge\u00e7irildi. Denizli Emniyet M\u00fcd\u00fcrl\u00fc\u011f\u00fc Narkotik Su\u00e7larla M\u00fccadele \u015eube M\u00fcd\u00fcrl\u00fc\u011f\u00fcne ba\u011fl\u0131 ekipler kentte uyu\u015fturucu madde ticareti yapan ve torbac\u0131 olarak tabir&#8230;<\/p>\n","protected":false},"author":1,"featured_media":32548,"comment_status":"open","ping_status":"open","sticky":false,"template":"","format":"standard","meta":{"_crdt_document":"","footnotes":""},"categories":[5],"tags":[],"class_list":["post-32547","post","type-post","status-publish","format-standard","has-post-thumbnail","hentry","category-asayis"],"_links":{"self":[{"href":"https:\/\/www.egemtv.com\/index.php?rest_route=\/wp\/v2\/posts\/32547","targetHints":{"allow":["GET"]}}],"collection":[{"href":"https:\/\/www.egemtv.com\/index.php?rest_route=\/wp\/v2\/posts"}],"about":[{"href":"https:\/\/www.egemtv.com\/index.php?rest_route=\/wp\/v2\/types\/post"}],"author":[{"embeddable":true,"href":"https:\/\/www.egemtv.com\/index.php?rest_route=\/wp\/v2\/users\/1"}],"replies":[{"embeddable":true,"href":"https:\/\/www.egemtv.com\/index.php?rest_route=%2Fwp%2Fv2%2Fcomments&post=32547"}],"version-history":[{"count":1,"href":"https:\/\/www.egemtv.com\/index.php?rest_route=\/wp\/v2\/posts\/32547\/revisions"}],"predecessor-version":[{"id":32549,"href":"https:\/\/www.egemtv.com\/index.php?rest_route=\/wp\/v2\/posts\/32547\/revisions\/32549"}],"wp:featuredmedia":[{"embeddable":true,"href":"https:\/\/www.egemtv.com\/index.php?rest_route=\/wp\/v2\/media\/32548"}],"wp:attachment":[{"href":"https:\/\/www.egemtv.com\/index.php?rest_route=%2Fwp%2Fv2%2Fmedia&parent=32547"}],"wp:term":[{"taxonomy":"category","embeddable":true,"href":"https:\/\/www.egemtv.com\/index.php?rest_route=%2Fwp%2Fv2%2Fcategories&post=32547"},{"taxonomy":"post_tag","embeddable":true,"href":"https:\/\/www.egemtv.com\/index.php?rest_route=%2Fwp%2Fv2%2Ftags&post=32547"}],"curies":[{"name":"wp","href":"https:\/\/api.w.org\/{rel}","templated":true}]}}