{"id":32544,"date":"2025-05-31T06:54:39","date_gmt":"2025-05-31T03:54:39","guid":{"rendered":"https:\/\/www.egemtv.com\/?p=32544"},"modified":"2025-05-31T06:54:41","modified_gmt":"2025-05-31T03:54:41","slug":"kutahyada-organize-suc-orgutune-operasyon-13-supheli-tutuklandi","status":"publish","type":"post","link":"https:\/\/www.egemtv.com\/?p=32544","title":{"rendered":"K\u00fctahya\u2019da organize su\u00e7 \u00f6rg\u00fct\u00fcne operasyon: 13 \u015f\u00fcpheli tutukland\u0131"},"content":{"rendered":"<p>Su\u00e7 i\u015flemek amac\u0131yla \u00f6rg\u00fct kurma, silah ticareti ve ka\u00e7ak\u00e7\u0131l\u0131\u011f\u0131, uyu\u015fturucu madde ticareti su\u00e7lar\u0131ndan K\u00fctahya, Edirne ve Tekirda\u011f illerinde ara yakalamalar yap\u0131l\u0131rken, K\u00fctahya ve \u0130stanbul\u2019da 9 ikamet 1 ara\u00e7ta  yap\u0131lan  aramalarda silah ve uyu\u015fturucu madde ele ge\u00e7irldi.13 \u015f\u00fcpheli tutukland\u0131.<br \/>\n<br \/>K\u00fctahya \u0130l Emniyet M\u00fcd\u00fcrl\u00fc\u011f\u00fc Ka\u00e7ak\u00e7\u0131l\u0131k ve Organize Su\u00e7larla M\u00fccadele \u015eube M\u00fcd\u00fcrl\u00fc\u011f\u00fcnce, \u00f6rg\u00fct liderli\u011fini B. T. isimli \u015fahs\u0131n yapt\u0131\u011f\u0131 organize su\u00e7 \u00f6rg\u00fct\u00fcne yakla\u015f\u0131k  5 ay s\u00fcren teknik ve fiziki takip \u00e7al\u0131\u015fmalar\u0131 y\u00fcr\u00fct\u00fcld\u00fc. \u015eah\u0131slara y\u00f6nelik s\u00fcrd\u00fcr\u00fclen \u00e7al\u0131\u015fmada KOM \u015eube M\u00fcd\u00fcrl\u00fc\u011f\u00fc, Asayi\u015f \u015eube M\u00fcd\u00fcrl\u00fc\u011f\u00fc ve Narkotik Su\u00e7larla M\u00fccadele \u015eube M\u00fcd\u00fcrl\u00fc\u011f\u00fc ile yap\u0131lan m\u00fc\u015fterek \u00e7al\u0131\u015fmalarda, K\u00fctahya, Edirne ve Tekirda\u011f illerinde ara yakalamalar yap\u0131ld\u0131. K\u00fctahya ve \u0130stanbul illerinde 9 ikamet 1 ara\u00e7ta  yap\u0131lan  aramalarda, 21 bin 557 adet sentetik ecza hap, 7 bin 930 adet ecstasy hap, 199,54 gram mmda, 9 adet tabanca, 5 adet \u015farj\u00f6r, 2 adet namlu, 1 adet namlu \u00fcst kapa\u011f\u0131, 40 adet mermi ele ge\u00e7irildi.<br \/>\n<br \/>G\u00f6zalt\u0131na al\u0131nan B.T (27), R.K (36), \u0130.E (35), Y. C. Z (22), S.K. (30), S.D  (32), S. T. (42), M.E. (53), Y. E. (22), R. A.(27), H.\u015e. (37), Y.G. \u0130.(25) ve C. E.(27) isimli 13 \u015f\u00fcpheli \u015fah\u0131s emniyetteki i\u015flemlerinin ard\u0131ndan \u00e7\u0131kar\u0131ld\u0131\u011f\u0131 mahkemece tutukland\u0131.<br \/><\/p>\n","protected":false},"excerpt":{"rendered":"<p>Su\u00e7 i\u015flemek amac\u0131yla \u00f6rg\u00fct kurma, silah ticareti ve ka\u00e7ak\u00e7\u0131l\u0131\u011f\u0131, uyu\u015fturucu madde ticareti su\u00e7lar\u0131ndan K\u00fctahya, Edirne ve Tekirda\u011f illerinde ara yakalamalar yap\u0131l\u0131rken, K\u00fctahya ve \u0130stanbul\u2019da 9 ikamet 1 ara\u00e7ta yap\u0131lan aramalarda silah ve uyu\u015fturucu madde ele ge\u00e7irldi.13 \u015f\u00fcpheli tutukland\u0131. K\u00fctahya \u0130l Emniyet M\u00fcd\u00fcrl\u00fc\u011f\u00fc Ka\u00e7ak\u00e7\u0131l\u0131k ve Organize Su\u00e7larla M\u00fccadele \u015eube M\u00fcd\u00fcrl\u00fc\u011f\u00fcnce, \u00f6rg\u00fct liderli\u011fini B. T. isimli \u015fahs\u0131n&#8230;<\/p>\n","protected":false},"author":1,"featured_media":32545,"comment_status":"open","ping_status":"open","sticky":false,"template":"","format":"standard","meta":{"_crdt_document":"","footnotes":""},"categories":[5],"tags":[],"class_list":["post-32544","post","type-post","status-publish","format-standard","has-post-thumbnail","hentry","category-asayis"],"_links":{"self":[{"href":"https:\/\/www.egemtv.com\/index.php?rest_route=\/wp\/v2\/posts\/32544","targetHints":{"allow":["GET"]}}],"collection":[{"href":"https:\/\/www.egemtv.com\/index.php?rest_route=\/wp\/v2\/posts"}],"about":[{"href":"https:\/\/www.egemtv.com\/index.php?rest_route=\/wp\/v2\/types\/post"}],"author":[{"embeddable":true,"href":"https:\/\/www.egemtv.com\/index.php?rest_route=\/wp\/v2\/users\/1"}],"replies":[{"embeddable":true,"href":"https:\/\/www.egemtv.com\/index.php?rest_route=%2Fwp%2Fv2%2Fcomments&post=32544"}],"version-history":[{"count":1,"href":"https:\/\/www.egemtv.com\/index.php?rest_route=\/wp\/v2\/posts\/32544\/revisions"}],"predecessor-version":[{"id":32546,"href":"https:\/\/www.egemtv.com\/index.php?rest_route=\/wp\/v2\/posts\/32544\/revisions\/32546"}],"wp:featuredmedia":[{"embeddable":true,"href":"https:\/\/www.egemtv.com\/index.php?rest_route=\/wp\/v2\/media\/32545"}],"wp:attachment":[{"href":"https:\/\/www.egemtv.com\/index.php?rest_route=%2Fwp%2Fv2%2Fmedia&parent=32544"}],"wp:term":[{"taxonomy":"category","embeddable":true,"href":"https:\/\/www.egemtv.com\/index.php?rest_route=%2Fwp%2Fv2%2Fcategories&post=32544"},{"taxonomy":"post_tag","embeddable":true,"href":"https:\/\/www.egemtv.com\/index.php?rest_route=%2Fwp%2Fv2%2Ftags&post=32544"}],"curies":[{"name":"wp","href":"https:\/\/api.w.org\/{rel}","templated":true}]}}