{"id":32541,"date":"2025-05-31T05:54:30","date_gmt":"2025-05-31T02:54:30","guid":{"rendered":"https:\/\/www.egemtv.com\/?p=32541"},"modified":"2025-05-31T05:54:38","modified_gmt":"2025-05-31T02:54:38","slug":"meteorolojiden-mugla-geneli-yagis-uyarisi","status":"publish","type":"post","link":"https:\/\/www.egemtv.com\/?p=32541","title":{"rendered":"Meteorolojiden Mu\u011fla geneli ya\u011f\u0131\u015f uyar\u0131s\u0131"},"content":{"rendered":"<p>Meteoroloji 4. B\u00f6lge M\u00fcd\u00fcrl\u00fc\u011f\u00fc B\u00f6lge Tahmin ve Uyar\u0131 Merkezinden yap\u0131lan a\u00e7\u0131klamada, Mu\u011fla \u00e7evresinde bug\u00fcn \u00f6\u011fle saatlerinden itibaren ba\u015flayacak g\u00f6k g\u00fcr\u00fclt\u00fcl\u00fc sa\u011fanak nedeniyle vatanda\u015flar\u0131n duyarl\u0131 olmas\u0131 istendi.<br \/>\n<br \/>Yap\u0131lan uyar\u0131da, &#8220;Yap\u0131lan son de\u011ferlendirmelere g\u00f6re; 31.05.2025 Cumartesi g\u00fcn\u00fc \u00f6\u011fle saatlerinden itibaren Mu\u011fla \u00e7evrelerinde yerel olarak kuvvetli sa\u011fanak ve g\u00f6k g\u00fcr\u00fclt\u00fcl\u00fc sa\u011fanak ya\u011f\u0131\u015f beklendi\u011finden ani sel, su bask\u0131n\u0131, y\u0131ld\u0131r\u0131m, yerel dolu ya\u011f\u0131\u015f\u0131, k\u0131y\u0131larda hortum riski, ya\u011f\u0131\u015f an\u0131nda kuvvetli r\u00fczgar ve f\u0131rt\u0131na ile ula\u015f\u0131mda aksamalar gibi olumsuzluklara kar\u015f\u0131 dikkatli ve tedbirli olunmal\u0131d\u0131r&#8221; denildi.<br \/><\/p>\n","protected":false},"excerpt":{"rendered":"<p>Meteoroloji 4. B\u00f6lge M\u00fcd\u00fcrl\u00fc\u011f\u00fc B\u00f6lge Tahmin ve Uyar\u0131 Merkezinden yap\u0131lan a\u00e7\u0131klamada, Mu\u011fla \u00e7evresinde bug\u00fcn \u00f6\u011fle saatlerinden itibaren ba\u015flayacak g\u00f6k g\u00fcr\u00fclt\u00fcl\u00fc sa\u011fanak nedeniyle vatanda\u015flar\u0131n duyarl\u0131 olmas\u0131 istendi. Yap\u0131lan uyar\u0131da, &#8220;Yap\u0131lan son de\u011ferlendirmelere g\u00f6re; 31.05.2025 Cumartesi g\u00fcn\u00fc \u00f6\u011fle saatlerinden itibaren Mu\u011fla \u00e7evrelerinde yerel olarak kuvvetli sa\u011fanak ve g\u00f6k g\u00fcr\u00fclt\u00fcl\u00fc sa\u011fanak ya\u011f\u0131\u015f beklendi\u011finden ani sel, su bask\u0131n\u0131, y\u0131ld\u0131r\u0131m,&#8230;<\/p>\n","protected":false},"author":1,"featured_media":32542,"comment_status":"open","ping_status":"open","sticky":false,"template":"","format":"standard","meta":{"_crdt_document":"","footnotes":""},"categories":[1],"tags":[],"class_list":["post-32541","post","type-post","status-publish","format-standard","has-post-thumbnail","hentry","category-guncel"],"_links":{"self":[{"href":"https:\/\/www.egemtv.com\/index.php?rest_route=\/wp\/v2\/posts\/32541","targetHints":{"allow":["GET"]}}],"collection":[{"href":"https:\/\/www.egemtv.com\/index.php?rest_route=\/wp\/v2\/posts"}],"about":[{"href":"https:\/\/www.egemtv.com\/index.php?rest_route=\/wp\/v2\/types\/post"}],"author":[{"embeddable":true,"href":"https:\/\/www.egemtv.com\/index.php?rest_route=\/wp\/v2\/users\/1"}],"replies":[{"embeddable":true,"href":"https:\/\/www.egemtv.com\/index.php?rest_route=%2Fwp%2Fv2%2Fcomments&post=32541"}],"version-history":[{"count":1,"href":"https:\/\/www.egemtv.com\/index.php?rest_route=\/wp\/v2\/posts\/32541\/revisions"}],"predecessor-version":[{"id":32543,"href":"https:\/\/www.egemtv.com\/index.php?rest_route=\/wp\/v2\/posts\/32541\/revisions\/32543"}],"wp:featuredmedia":[{"embeddable":true,"href":"https:\/\/www.egemtv.com\/index.php?rest_route=\/wp\/v2\/media\/32542"}],"wp:attachment":[{"href":"https:\/\/www.egemtv.com\/index.php?rest_route=%2Fwp%2Fv2%2Fmedia&parent=32541"}],"wp:term":[{"taxonomy":"category","embeddable":true,"href":"https:\/\/www.egemtv.com\/index.php?rest_route=%2Fwp%2Fv2%2Fcategories&post=32541"},{"taxonomy":"post_tag","embeddable":true,"href":"https:\/\/www.egemtv.com\/index.php?rest_route=%2Fwp%2Fv2%2Ftags&post=32541"}],"curies":[{"name":"wp","href":"https:\/\/api.w.org\/{rel}","templated":true}]}}