{"id":32538,"date":"2025-05-30T23:14:46","date_gmt":"2025-05-30T20:14:46","guid":{"rendered":"https:\/\/www.egemtv.com\/?p=32538"},"modified":"2025-05-30T23:14:50","modified_gmt":"2025-05-30T20:14:50","slug":"selcukbey-yeni-muhtarini-belirlemek-icin-sandik-basina-gidiyor","status":"publish","type":"post","link":"https:\/\/www.egemtv.com\/?p=32538","title":{"rendered":"Sel\u00e7ukbey yeni muhtar\u0131n\u0131 belirlemek i\u00e7in sand\u0131k ba\u015f\u0131na gidiyor"},"content":{"rendered":"<p>Denizli\u2019nin Merkezefendi il\u00e7esinde ge\u00e7en Aral\u0131k ay\u0131nda kalp krizi sonucu vefat eden Sel\u00e7ukbey Mahallesi Muhtar\u0131 Salih B\u00fct\u00fcn\u2019\u00fcn yerine ge\u00e7ecek yeni ismin belirlemesi i\u00e7in mahalle sakinleri Pazar g\u00fcn\u00fc sand\u0131k ba\u015f\u0131na gidecek.<\/p>\n<p>Denizli\u2019nin Merkezefendi il\u00e7esine ba\u011fl\u0131 Sel\u00e7ukbey Mahallesi, 1 Haziran Pazar g\u00fcn\u00fc yeni muhtar\u0131n\u0131 se\u00e7mek \u00fczere sand\u0131k ba\u015f\u0131na gidiyor. Mahallede ge\u00e7en Aral\u0131k ay\u0131nda kalp krizi sonucu vefat eden Sel\u00e7ukbey Mahallesi Muhtar\u0131 Salih B\u00fct\u00fcn\u2019\u00fcn yerine ge\u00e7ecek yeni ismin belirlemesi i\u00e7in yap\u0131lacak muhtarl\u0131k se\u00e7imi hakk\u0131nda bilgi veren \u0130l\u00e7e Se\u00e7im M\u00fcd\u00fcr\u00fc Y\u00fccel Demiralay, se\u00e7im s\u00fcrecinin titizlikle y\u00fcr\u00fct\u00fcld\u00fc\u011f\u00fcn\u00fc ifade etti. Demiralay, Sel\u00e7ukbey Mahallesi\u2019nde toplam 14 bin 033 se\u00e7menin bulundu\u011funu belirterek, oy kullanma i\u015fleminin L\u00fctfi Ege Anadolu Lisesi\u2019nde kurulacak 20 ve Vali Recep Yaz\u0131c\u0131o\u011flu \u0130lkokulu\u2019nda yer alacak 15 sand\u0131kta ger\u00e7ekle\u015fece\u011fini s\u00f6yledi. Muhtarl\u0131k se\u00e7imi sabah saat 08.00\u2019de ba\u015flayacak ve ak\u015fam 17.00\u2019de sona erecek. Her sand\u0131kta 7 ki\u015filik sand\u0131k kurulu g\u00f6rev yapacak. Sand\u0131k ba\u015fkanlar\u0131na ve memurlara se\u00e7im \u00f6ncesinde e\u011fitiminde verildi\u011fini anlatan Demiralay, oy say\u0131m\u0131 sonras\u0131 adaylar aras\u0131nda e\u015fit oy \u00e7\u0131kmas\u0131 durumunda ise kazanan kura y\u00f6ntemiyle belirlenece\u011fine dikkat \u00e7ekti. Yakla\u015f\u0131k alt\u0131 ay \u00f6nce Isparta\u2019dan Denizli\u2019ye atanan Se\u00e7im M\u00fcd\u00fcr\u00fc Y\u00fccel Demiralay, bu s\u00fcrecin \u015feffaf ve d\u00fczenli y\u00fcr\u00fct\u00fclmesi ad\u0131na gerekli t\u00fcm haz\u0131rl\u0131klar\u0131n tamamland\u0131\u011f\u0131n\u0131 belirtti. Mahalle sakinlerine \u00e7a\u011fr\u0131da bulunan Demiralay, &#8220;Demokrasiye sahip \u00e7\u0131kmak i\u00e7in herkesin sand\u0131\u011fa giderek oyunu kullanmas\u0131n\u0131 bekliyoruz. Se\u00e7im m\u00fcd\u00fcrl\u00fc\u011f\u00fc olarak mahallemizde yap\u0131lacak muhtarl\u0131k se\u00e7imiyle ilgili t\u00fcm haz\u0131rl\u0131klar\u0131m\u0131z\u0131 tamamlad\u0131k. Mahalle sakinlerimizin huzurla gelip oylar\u0131n\u0131 kullanmalar\u0131, muhtarlar\u0131n\u0131 se\u00e7ebilmeleri i\u00e7in tedbirler al\u0131nd\u0131&#8221; dedi.<br \/><\/p>\n","protected":false},"excerpt":{"rendered":"<p>Denizli\u2019nin Merkezefendi il\u00e7esinde ge\u00e7en Aral\u0131k ay\u0131nda kalp krizi sonucu vefat eden Sel\u00e7ukbey Mahallesi Muhtar\u0131 Salih B\u00fct\u00fcn\u2019\u00fcn yerine ge\u00e7ecek yeni ismin belirlemesi i\u00e7in mahalle sakinleri Pazar g\u00fcn\u00fc sand\u0131k ba\u015f\u0131na gidecek. Denizli\u2019nin Merkezefendi il\u00e7esine ba\u011fl\u0131 Sel\u00e7ukbey Mahallesi, 1 Haziran Pazar g\u00fcn\u00fc yeni muhtar\u0131n\u0131 se\u00e7mek \u00fczere sand\u0131k ba\u015f\u0131na gidiyor. Mahallede ge\u00e7en Aral\u0131k ay\u0131nda kalp krizi sonucu vefat eden&#8230;<\/p>\n","protected":false},"author":1,"featured_media":32539,"comment_status":"open","ping_status":"open","sticky":false,"template":"","format":"standard","meta":{"_crdt_document":"","footnotes":""},"categories":[127],"tags":[],"class_list":["post-32538","post","type-post","status-publish","format-standard","has-post-thumbnail","hentry","category-siyaset"],"_links":{"self":[{"href":"https:\/\/www.egemtv.com\/index.php?rest_route=\/wp\/v2\/posts\/32538","targetHints":{"allow":["GET"]}}],"collection":[{"href":"https:\/\/www.egemtv.com\/index.php?rest_route=\/wp\/v2\/posts"}],"about":[{"href":"https:\/\/www.egemtv.com\/index.php?rest_route=\/wp\/v2\/types\/post"}],"author":[{"embeddable":true,"href":"https:\/\/www.egemtv.com\/index.php?rest_route=\/wp\/v2\/users\/1"}],"replies":[{"embeddable":true,"href":"https:\/\/www.egemtv.com\/index.php?rest_route=%2Fwp%2Fv2%2Fcomments&post=32538"}],"version-history":[{"count":1,"href":"https:\/\/www.egemtv.com\/index.php?rest_route=\/wp\/v2\/posts\/32538\/revisions"}],"predecessor-version":[{"id":32540,"href":"https:\/\/www.egemtv.com\/index.php?rest_route=\/wp\/v2\/posts\/32538\/revisions\/32540"}],"wp:featuredmedia":[{"embeddable":true,"href":"https:\/\/www.egemtv.com\/index.php?rest_route=\/wp\/v2\/media\/32539"}],"wp:attachment":[{"href":"https:\/\/www.egemtv.com\/index.php?rest_route=%2Fwp%2Fv2%2Fmedia&parent=32538"}],"wp:term":[{"taxonomy":"category","embeddable":true,"href":"https:\/\/www.egemtv.com\/index.php?rest_route=%2Fwp%2Fv2%2Fcategories&post=32538"},{"taxonomy":"post_tag","embeddable":true,"href":"https:\/\/www.egemtv.com\/index.php?rest_route=%2Fwp%2Fv2%2Ftags&post=32538"}],"curies":[{"name":"wp","href":"https:\/\/api.w.org\/{rel}","templated":true}]}}