{"id":32535,"date":"2025-05-30T22:55:04","date_gmt":"2025-05-30T19:55:04","guid":{"rendered":"https:\/\/www.egemtv.com\/?p=32535"},"modified":"2025-05-30T22:55:10","modified_gmt":"2025-05-30T19:55:10","slug":"vali-aktas-bursluluk-sinavinda-birinci-olan-ogrencileri-kutladi","status":"publish","type":"post","link":"https:\/\/www.egemtv.com\/?p=32535","title":{"rendered":"Vali Akta\u015f bursluluk s\u0131nav\u0131nda birinci olan \u00f6\u011frencileri kutlad\u0131"},"content":{"rendered":"<p>U\u015fak Valisi Naci Akta\u015f, sosyal medya hesaplar\u0131 \u00fczerinden yapt\u0131\u011f\u0131 payla\u015f\u0131mda bursluluk s\u0131nav\u0131nda 500 tam puan alarak birinci olan \u00f6\u011frencilere tebrik mesaj\u0131 yay\u0131mlad\u0131.<br \/>\n<br \/>U\u015fak Valisi Naci Akta\u015f, Milli E\u011fitim Bakanl\u0131\u011f\u0131 taraf\u0131ndan d\u00fczenlenen \u0130lk\u00f6\u011fretim ve Orta\u00f6\u011fretim Kurumlar\u0131 Bursluluk S\u0131nav\u0131\u2019nda t\u00fcm sorular\u0131 do\u011fru yan\u0131tlayarak 500 tam puan alan 8 \u00f6\u011frenci i\u00e7in tebrik mesaj\u0131 yay\u0131mlad\u0131.<br \/>\n<br \/>U\u015fak Valili\u011fi sosyal medya \u00fczerinden yap\u0131lan payla\u015f\u0131mda ise; &#8220;Mill\u00ee E\u011fitim Bakanl\u0131\u011f\u0131m\u0131z taraf\u0131ndan d\u00fczenlenen \u0130lk\u00f6\u011fretim ve Orta\u00f6\u011fretim Kurumlar\u0131 Bursluluk S\u0131nav\u0131\u2019nda (IOKBS) t\u00fcm sorular\u0131 do\u011fru yan\u0131tlayarak tam puanla T\u00fcrkiye Birincili\u011fi elde eden \u00f6\u011frencilerimizi tebrik ediyor, bu ba\u015far\u0131da eme\u011fi ge\u00e7en k\u0131ymetli \u00f6\u011fretmenlerimize ve destek veren ailelerine te\u015fekk\u00fcr ediyoruz.&#8221; ifadeleri kullan\u0131ld\u0131.<br \/>\n<br \/>Bursluluk s\u0131nav\u0131nda 500 tam puan \u00f6\u011frenciler ise, Ertu\u011frul Gazi \u0130mam Hatip Ortaokulundan Sena Tekin, Eymen Kuldur, Nur Hayat Ulu\u00e7\u0131nar, \u015eehit Mehmet \u00c7etin \u0130mam Hatip Ortaokulundan Eymen Kaan Ceyhan, Mehmet Emin Ho\u015fg\u00f6r Ortaokulundan \u00d6mer Erdem Ba\u015fer, Bet\u00fcl \u00d6nal, Bedriye ve Kadir Uysal Ortaokulundan An\u0131l Altay G\u00f6n\u00fcl ve E\u015fme Sarayc\u0131k Ortaokulundan ise Elif \u00d6zdemir oldu.<br \/><\/p>\n","protected":false},"excerpt":{"rendered":"<p>U\u015fak Valisi Naci Akta\u015f, sosyal medya hesaplar\u0131 \u00fczerinden yapt\u0131\u011f\u0131 payla\u015f\u0131mda bursluluk s\u0131nav\u0131nda 500 tam puan alarak birinci olan \u00f6\u011frencilere tebrik mesaj\u0131 yay\u0131mlad\u0131. U\u015fak Valisi Naci Akta\u015f, Milli E\u011fitim Bakanl\u0131\u011f\u0131 taraf\u0131ndan d\u00fczenlenen \u0130lk\u00f6\u011fretim ve Orta\u00f6\u011fretim Kurumlar\u0131 Bursluluk S\u0131nav\u0131\u2019nda t\u00fcm sorular\u0131 do\u011fru yan\u0131tlayarak 500 tam puan alan 8 \u00f6\u011frenci i\u00e7in tebrik mesaj\u0131 yay\u0131mlad\u0131. U\u015fak Valili\u011fi sosyal medya&#8230;<\/p>\n","protected":false},"author":1,"featured_media":32536,"comment_status":"open","ping_status":"open","sticky":false,"template":"","format":"standard","meta":{"_crdt_document":"","footnotes":""},"categories":[1],"tags":[],"class_list":["post-32535","post","type-post","status-publish","format-standard","has-post-thumbnail","hentry","category-guncel"],"_links":{"self":[{"href":"https:\/\/www.egemtv.com\/index.php?rest_route=\/wp\/v2\/posts\/32535","targetHints":{"allow":["GET"]}}],"collection":[{"href":"https:\/\/www.egemtv.com\/index.php?rest_route=\/wp\/v2\/posts"}],"about":[{"href":"https:\/\/www.egemtv.com\/index.php?rest_route=\/wp\/v2\/types\/post"}],"author":[{"embeddable":true,"href":"https:\/\/www.egemtv.com\/index.php?rest_route=\/wp\/v2\/users\/1"}],"replies":[{"embeddable":true,"href":"https:\/\/www.egemtv.com\/index.php?rest_route=%2Fwp%2Fv2%2Fcomments&post=32535"}],"version-history":[{"count":1,"href":"https:\/\/www.egemtv.com\/index.php?rest_route=\/wp\/v2\/posts\/32535\/revisions"}],"predecessor-version":[{"id":32537,"href":"https:\/\/www.egemtv.com\/index.php?rest_route=\/wp\/v2\/posts\/32535\/revisions\/32537"}],"wp:featuredmedia":[{"embeddable":true,"href":"https:\/\/www.egemtv.com\/index.php?rest_route=\/wp\/v2\/media\/32536"}],"wp:attachment":[{"href":"https:\/\/www.egemtv.com\/index.php?rest_route=%2Fwp%2Fv2%2Fmedia&parent=32535"}],"wp:term":[{"taxonomy":"category","embeddable":true,"href":"https:\/\/www.egemtv.com\/index.php?rest_route=%2Fwp%2Fv2%2Fcategories&post=32535"},{"taxonomy":"post_tag","embeddable":true,"href":"https:\/\/www.egemtv.com\/index.php?rest_route=%2Fwp%2Fv2%2Ftags&post=32535"}],"curies":[{"name":"wp","href":"https:\/\/api.w.org\/{rel}","templated":true}]}}