{"id":32532,"date":"2025-05-30T22:55:03","date_gmt":"2025-05-30T19:55:03","guid":{"rendered":"https:\/\/www.egemtv.com\/?p=32532"},"modified":"2025-05-30T22:55:04","modified_gmt":"2025-05-30T19:55:04","slug":"usak-valiliginden-saganak-yagis-uyarisi","status":"publish","type":"post","link":"https:\/\/www.egemtv.com\/?p=32532","title":{"rendered":"U\u015fak Valili\u011finden sa\u011fanak ya\u011f\u0131\u015f uyar\u0131s\u0131"},"content":{"rendered":"<p>U\u015fak Valili\u011fi 31 May\u0131s g\u00fcn\u00fc il genelinde beklenen g\u00f6k g\u00fcr\u00fclt\u00fcl\u00fc sa\u011fanak ya\u011f\u0131\u015f i\u00e7in vatanda\u015flar\u0131 uyard\u0131.<br \/>\n<br \/>U\u015fak Valili\u011fince sosyal medya \u00fczerinden yap\u0131lan payla\u015f\u0131mda 31 May\u0131s g\u00fcn\u00fc il genelinde beklenen g\u00f6k g\u00fcr\u00fclt\u00fcl\u00fc sa\u011fanak ya\u011f\u0131\u015fla ilgili vatanda\u015flar\u0131 ani sel, su bask\u0131n\u0131, y\u0131ld\u0131r\u0131m d\u00fc\u015fmesi, yerel dolu ya\u011f\u0131\u015f\u0131 ve ya\u011f\u0131\u015f an\u0131nda kuvvetli r\u00fczgar gibi olumsuzluklara kar\u015f\u0131 vatanda\u015flara uyar\u0131 metni yay\u0131mlad\u0131.<br \/>\n<br \/>U\u015fak Valili\u011fince yay\u0131mlanan a\u00e7\u0131klamada ise; &#8220;Yap\u0131lan son de\u011ferlendirmelere g\u00f6re 31.05.2025 Cumartesi g\u00fcn\u00fc b\u00f6lgemizde (Afyonkarahisar, U\u015fak ve Denizli) g\u00f6r\u00fclecek g\u00f6k g\u00fcr\u00fclt\u00fcl\u00fc sa\u011fanak ya\u011f\u0131\u015flar\u0131n yerel kuvvetli olmas\u0131 beklendi\u011finden ani sel, su bask\u0131n\u0131, y\u0131ld\u0131r\u0131m, yerel dolu ya\u011f\u0131\u015f\u0131 ve ya\u011f\u0131\u015f an\u0131nda kuvvetli r\u00fczgar gibi olumsuzluklara dikkatli ve tedbirli olunmas\u0131 gereklidir.&#8221; ifadeleri kullan\u0131ld\u0131.<br \/><\/p>\n","protected":false},"excerpt":{"rendered":"<p>U\u015fak Valili\u011fi 31 May\u0131s g\u00fcn\u00fc il genelinde beklenen g\u00f6k g\u00fcr\u00fclt\u00fcl\u00fc sa\u011fanak ya\u011f\u0131\u015f i\u00e7in vatanda\u015flar\u0131 uyard\u0131. U\u015fak Valili\u011fince sosyal medya \u00fczerinden yap\u0131lan payla\u015f\u0131mda 31 May\u0131s g\u00fcn\u00fc il genelinde beklenen g\u00f6k g\u00fcr\u00fclt\u00fcl\u00fc sa\u011fanak ya\u011f\u0131\u015fla ilgili vatanda\u015flar\u0131 ani sel, su bask\u0131n\u0131, y\u0131ld\u0131r\u0131m d\u00fc\u015fmesi, yerel dolu ya\u011f\u0131\u015f\u0131 ve ya\u011f\u0131\u015f an\u0131nda kuvvetli r\u00fczgar gibi olumsuzluklara kar\u015f\u0131 vatanda\u015flara uyar\u0131 metni yay\u0131mlad\u0131&#8230;.<\/p>\n","protected":false},"author":1,"featured_media":32533,"comment_status":"open","ping_status":"open","sticky":false,"template":"","format":"standard","meta":{"_crdt_document":"","footnotes":""},"categories":[1],"tags":[],"class_list":["post-32532","post","type-post","status-publish","format-standard","has-post-thumbnail","hentry","category-guncel"],"_links":{"self":[{"href":"https:\/\/www.egemtv.com\/index.php?rest_route=\/wp\/v2\/posts\/32532","targetHints":{"allow":["GET"]}}],"collection":[{"href":"https:\/\/www.egemtv.com\/index.php?rest_route=\/wp\/v2\/posts"}],"about":[{"href":"https:\/\/www.egemtv.com\/index.php?rest_route=\/wp\/v2\/types\/post"}],"author":[{"embeddable":true,"href":"https:\/\/www.egemtv.com\/index.php?rest_route=\/wp\/v2\/users\/1"}],"replies":[{"embeddable":true,"href":"https:\/\/www.egemtv.com\/index.php?rest_route=%2Fwp%2Fv2%2Fcomments&post=32532"}],"version-history":[{"count":1,"href":"https:\/\/www.egemtv.com\/index.php?rest_route=\/wp\/v2\/posts\/32532\/revisions"}],"predecessor-version":[{"id":32534,"href":"https:\/\/www.egemtv.com\/index.php?rest_route=\/wp\/v2\/posts\/32532\/revisions\/32534"}],"wp:featuredmedia":[{"embeddable":true,"href":"https:\/\/www.egemtv.com\/index.php?rest_route=\/wp\/v2\/media\/32533"}],"wp:attachment":[{"href":"https:\/\/www.egemtv.com\/index.php?rest_route=%2Fwp%2Fv2%2Fmedia&parent=32532"}],"wp:term":[{"taxonomy":"category","embeddable":true,"href":"https:\/\/www.egemtv.com\/index.php?rest_route=%2Fwp%2Fv2%2Fcategories&post=32532"},{"taxonomy":"post_tag","embeddable":true,"href":"https:\/\/www.egemtv.com\/index.php?rest_route=%2Fwp%2Fv2%2Ftags&post=32532"}],"curies":[{"name":"wp","href":"https:\/\/api.w.org\/{rel}","templated":true}]}}