{"id":32529,"date":"2025-05-30T20:56:04","date_gmt":"2025-05-30T17:56:04","guid":{"rendered":"https:\/\/www.egemtv.com\/?p=32529"},"modified":"2025-05-30T20:56:09","modified_gmt":"2025-05-30T17:56:09","slug":"datcada-uyusturucu-hap-ele-gecirildi","status":"publish","type":"post","link":"https:\/\/www.egemtv.com\/?p=32529","title":{"rendered":"Dat\u00e7a\u2019da uyu\u015fturucu hap ele ge\u00e7irildi"},"content":{"rendered":"<p>Mu\u011fla\u2019n\u0131n Dat\u00e7a il\u00e7esinde narkotik ekipleri yapt\u0131klar\u0131 \u00e7al\u0131\u015fmada iki \u015f\u00fcpheli \u015fah\u0131stan 74 adet uyu\u015fturucu hap ele ge\u00e7irdi.<\/p>\n<p>\u0130l\u00e7e Emniyet M\u00fcd\u00fcrl\u00fc\u011f\u00fc ekiplerinin deste\u011fi ile Dat\u00e7a Narkotik Su\u00e7larla M\u00fccadele B\u00fcro Amirli\u011fi taraf\u0131ndan ger\u00e7ekle\u015ftirilen operasyonda C.K (55) ve E.T (32) isimli \u015fah\u0131slardan 74 adet uyu\u015fturucu hap ele ge\u00e7irildi. Yakalanan \u015fah\u0131slar hakk\u0131nda uyu\u015fturucu madde ticareti ve uyu\u015fturucu madde kullanmaktan adli i\u015flemler yap\u0131ld\u0131.<br \/><\/p>\n","protected":false},"excerpt":{"rendered":"<p>Mu\u011fla\u2019n\u0131n Dat\u00e7a il\u00e7esinde narkotik ekipleri yapt\u0131klar\u0131 \u00e7al\u0131\u015fmada iki \u015f\u00fcpheli \u015fah\u0131stan 74 adet uyu\u015fturucu hap ele ge\u00e7irdi. \u0130l\u00e7e Emniyet M\u00fcd\u00fcrl\u00fc\u011f\u00fc ekiplerinin deste\u011fi ile Dat\u00e7a Narkotik Su\u00e7larla M\u00fccadele B\u00fcro Amirli\u011fi taraf\u0131ndan ger\u00e7ekle\u015ftirilen operasyonda C.K (55) ve E.T (32) isimli \u015fah\u0131slardan 74 adet uyu\u015fturucu hap ele ge\u00e7irildi. Yakalanan \u015fah\u0131slar hakk\u0131nda uyu\u015fturucu madde ticareti ve uyu\u015fturucu madde kullanmaktan adli&#8230;<\/p>\n","protected":false},"author":1,"featured_media":32530,"comment_status":"open","ping_status":"open","sticky":false,"template":"","format":"standard","meta":{"_crdt_document":"","footnotes":""},"categories":[5],"tags":[],"class_list":["post-32529","post","type-post","status-publish","format-standard","has-post-thumbnail","hentry","category-asayis"],"_links":{"self":[{"href":"https:\/\/www.egemtv.com\/index.php?rest_route=\/wp\/v2\/posts\/32529","targetHints":{"allow":["GET"]}}],"collection":[{"href":"https:\/\/www.egemtv.com\/index.php?rest_route=\/wp\/v2\/posts"}],"about":[{"href":"https:\/\/www.egemtv.com\/index.php?rest_route=\/wp\/v2\/types\/post"}],"author":[{"embeddable":true,"href":"https:\/\/www.egemtv.com\/index.php?rest_route=\/wp\/v2\/users\/1"}],"replies":[{"embeddable":true,"href":"https:\/\/www.egemtv.com\/index.php?rest_route=%2Fwp%2Fv2%2Fcomments&post=32529"}],"version-history":[{"count":1,"href":"https:\/\/www.egemtv.com\/index.php?rest_route=\/wp\/v2\/posts\/32529\/revisions"}],"predecessor-version":[{"id":32531,"href":"https:\/\/www.egemtv.com\/index.php?rest_route=\/wp\/v2\/posts\/32529\/revisions\/32531"}],"wp:featuredmedia":[{"embeddable":true,"href":"https:\/\/www.egemtv.com\/index.php?rest_route=\/wp\/v2\/media\/32530"}],"wp:attachment":[{"href":"https:\/\/www.egemtv.com\/index.php?rest_route=%2Fwp%2Fv2%2Fmedia&parent=32529"}],"wp:term":[{"taxonomy":"category","embeddable":true,"href":"https:\/\/www.egemtv.com\/index.php?rest_route=%2Fwp%2Fv2%2Fcategories&post=32529"},{"taxonomy":"post_tag","embeddable":true,"href":"https:\/\/www.egemtv.com\/index.php?rest_route=%2Fwp%2Fv2%2Ftags&post=32529"}],"curies":[{"name":"wp","href":"https:\/\/api.w.org\/{rel}","templated":true}]}}