{"id":32523,"date":"2025-05-30T20:38:02","date_gmt":"2025-05-30T17:38:02","guid":{"rendered":"https:\/\/www.egemtv.com\/?p=32523"},"modified":"2025-05-30T20:38:08","modified_gmt":"2025-05-30T17:38:08","slug":"mcbu-ile-tusas-arasinda-teknoloji-koprusu","status":"publish","type":"post","link":"https:\/\/www.egemtv.com\/?p=32523","title":{"rendered":"MCB\u00dc ile TUSA\u015e aras\u0131nda teknoloji k\u00f6pr\u00fcs\u00fc"},"content":{"rendered":"<p>Manisa Celal Bayar \u00dcniversitesi (MCB\u00dc), \u00f6\u011frencilerini sekt\u00f6r\u00fcn \u00f6nc\u00fc kurumlar\u0131yla bulu\u015fturarak uygulamal\u0131 \u00f6\u011frenme f\u0131rsatlar\u0131 sunmay\u0131 s\u00fcrd\u00fcr\u00fcyor. Bu kapsamda, savunma ve havac\u0131l\u0131k sanayisinde T\u00fcrkiye\u2019nin \u00f6nde gelen kurulu\u015flar\u0131ndan T\u00fcrk Havac\u0131l\u0131k ve Uzay Sanayii A.\u015e. (TUSA\u015e) tesislerine teknik bir gezi d\u00fczenlendi. Ziyaret, \u00fcniversite-sanayi i\u015f birli\u011finin somut bir \u00f6rne\u011fi olarak dikkat \u00e7ekti.<br \/>\n<br \/>MCB\u00dc\u2019l\u00fc \u00f6\u011frenciler, Ankara\u2019n\u0131n Kahramankazan il\u00e7esinde bulunan TUSA\u015e yerle\u015fkesinde d\u00fczenlenen gezide, teorik bilgilerini pratikle peki\u015ftirme imk\u00e2n\u0131 buldu. Gezi kapsam\u0131nda; hava platformlar\u0131n\u0131n \u00fcretim s\u00fcre\u00e7leri, Ar-Ge \u00e7al\u0131\u015fmalar\u0131, yerli ve milli projelerin geli\u015fim a\u015famalar\u0131, havac\u0131l\u0131k teknolojilerinde ula\u015f\u0131lan son noktalar ve ileri m\u00fchendislik uygulamalar\u0131 hakk\u0131nda uzman m\u00fchendisler taraf\u0131ndan kapsaml\u0131 sunumlar ger\u00e7ekle\u015ftirildi.<br \/>\n<br \/>TUSA\u015e \u00fcretim hatlar\u0131n\u0131 yerinde inceleyen \u00f6\u011frenciler, modern imalat tekniklerini ve teknolojik altyap\u0131y\u0131 yak\u0131ndan g\u00f6rme f\u0131rsat\u0131 elde etti. Teknik gezide ayr\u0131ca, savunma sanayine y\u00f6nelik stratejik projeler ve bu alandaki kariyer imkanlar\u0131 hakk\u0131nda bilgilendirmeler yap\u0131ld\u0131.<br \/>\n<br \/>Yetkililer, bu t\u00fcr gezilerin \u00f6\u011frencilerin mesleki fark\u0131ndal\u0131klar\u0131n\u0131 art\u0131rd\u0131\u011f\u0131na ve kariyer planlamalar\u0131na y\u00f6n verdi\u011fine dikkat \u00e7ekerek, \u00fcniversite-sanayi i\u015f birli\u011finin g\u00fc\u00e7lenerek devam edece\u011fini ifade etti.<br \/>\n<br \/>MCB\u00dc ile TUSA\u015e aras\u0131nda kurulan bu teknoloji k\u00f6pr\u00fcs\u00fc sayesinde \u00f6\u011frenciler, savunma sanayi ve havac\u0131l\u0131k m\u00fchendisli\u011fi gibi kritik alanlarda vizyon kazanarak gelece\u011fin m\u00fchendisleri olma yolunda \u00f6nemli bir ad\u0131m att\u0131.<br \/><\/p>\n","protected":false},"excerpt":{"rendered":"<p>Manisa Celal Bayar \u00dcniversitesi (MCB\u00dc), \u00f6\u011frencilerini sekt\u00f6r\u00fcn \u00f6nc\u00fc kurumlar\u0131yla bulu\u015fturarak uygulamal\u0131 \u00f6\u011frenme f\u0131rsatlar\u0131 sunmay\u0131 s\u00fcrd\u00fcr\u00fcyor. Bu kapsamda, savunma ve havac\u0131l\u0131k sanayisinde T\u00fcrkiye\u2019nin \u00f6nde gelen kurulu\u015flar\u0131ndan T\u00fcrk Havac\u0131l\u0131k ve Uzay Sanayii A.\u015e. (TUSA\u015e) tesislerine teknik bir gezi d\u00fczenlendi. Ziyaret, \u00fcniversite-sanayi i\u015f birli\u011finin somut bir \u00f6rne\u011fi olarak dikkat \u00e7ekti. MCB\u00dc\u2019l\u00fc \u00f6\u011frenciler, Ankara\u2019n\u0131n Kahramankazan il\u00e7esinde bulunan TUSA\u015e yerle\u015fkesinde&#8230;<\/p>\n","protected":false},"author":1,"featured_media":32524,"comment_status":"open","ping_status":"open","sticky":false,"template":"","format":"standard","meta":{"_crdt_document":"","footnotes":""},"categories":[124],"tags":[],"class_list":["post-32523","post","type-post","status-publish","format-standard","has-post-thumbnail","hentry","category-bilim"],"_links":{"self":[{"href":"https:\/\/www.egemtv.com\/index.php?rest_route=\/wp\/v2\/posts\/32523","targetHints":{"allow":["GET"]}}],"collection":[{"href":"https:\/\/www.egemtv.com\/index.php?rest_route=\/wp\/v2\/posts"}],"about":[{"href":"https:\/\/www.egemtv.com\/index.php?rest_route=\/wp\/v2\/types\/post"}],"author":[{"embeddable":true,"href":"https:\/\/www.egemtv.com\/index.php?rest_route=\/wp\/v2\/users\/1"}],"replies":[{"embeddable":true,"href":"https:\/\/www.egemtv.com\/index.php?rest_route=%2Fwp%2Fv2%2Fcomments&post=32523"}],"version-history":[{"count":1,"href":"https:\/\/www.egemtv.com\/index.php?rest_route=\/wp\/v2\/posts\/32523\/revisions"}],"predecessor-version":[{"id":32525,"href":"https:\/\/www.egemtv.com\/index.php?rest_route=\/wp\/v2\/posts\/32523\/revisions\/32525"}],"wp:featuredmedia":[{"embeddable":true,"href":"https:\/\/www.egemtv.com\/index.php?rest_route=\/wp\/v2\/media\/32524"}],"wp:attachment":[{"href":"https:\/\/www.egemtv.com\/index.php?rest_route=%2Fwp%2Fv2%2Fmedia&parent=32523"}],"wp:term":[{"taxonomy":"category","embeddable":true,"href":"https:\/\/www.egemtv.com\/index.php?rest_route=%2Fwp%2Fv2%2Fcategories&post=32523"},{"taxonomy":"post_tag","embeddable":true,"href":"https:\/\/www.egemtv.com\/index.php?rest_route=%2Fwp%2Fv2%2Ftags&post=32523"}],"curies":[{"name":"wp","href":"https:\/\/api.w.org\/{rel}","templated":true}]}}