{"id":32520,"date":"2025-05-30T20:16:01","date_gmt":"2025-05-30T17:16:01","guid":{"rendered":"https:\/\/www.egemtv.com\/?p=32520"},"modified":"2025-05-30T20:16:06","modified_gmt":"2025-05-30T17:16:06","slug":"isparta-sokaklari-gul-sulariyla-yikandi-uluslararasi-gul-festivali-gorsel-solene-donustu","status":"publish","type":"post","link":"https:\/\/www.egemtv.com\/?p=32520","title":{"rendered":"Isparta sokaklar\u0131 g\u00fcl sular\u0131yla y\u0131kand\u0131, Uluslararas\u0131 G\u00fcl Festivali g\u00f6rsel \u015f\u00f6lene d\u00f6n\u00fc\u015ft\u00fc"},"content":{"rendered":"<p>Isparta\u2019da d\u00fczenlenen &#8220;Uluslararas\u0131 G\u00fcl Festivali&#8221;, 30\u2019a yak\u0131n \u00fclkenin kat\u0131l\u0131m\u0131yla kortej y\u00fcr\u00fcy\u00fc\u015f\u00fcyle ba\u015flad\u0131. G\u00fcl yapraklar\u0131 ve g\u00fcl sular\u0131n\u0131n e\u015flik etti\u011fi y\u00fcr\u00fcy\u00fc\u015fte \u015fehir adeta renk c\u00fcmb\u00fc\u015f\u00fcne d\u00f6nd\u00fc.<br \/>\n<br \/>Isparta Valili\u011fi ve Isparta Belediyesi i\u015f birli\u011fiyle bu y\u0131l d\u00fczenlenen Uluslararas\u0131 G\u00fcl Festivali kortej y\u00fcr\u00fcy\u00fc\u015f\u00fcyle ba\u015flad\u0131. Festival kapsam\u0131nda ger\u00e7ekle\u015ftirilen korteje Isparta Valisi Abdullah Erin, Isparta Belediye Ba\u015fkan\u0131 \u015e\u00fckr\u00fc Ba\u015fde\u011firmen, sivil toplum kurulu\u015flar\u0131n\u0131n temsilcileri, dernekler, kul\u00fcpler, \u00f6\u011frenciler ve \u00e7ok say\u0131da vatanda\u015f kat\u0131ld\u0131. Festivalin a\u00e7\u0131l\u0131\u015f korteji, Isparta Belediyesi \u00f6n\u00fcnden ba\u015flayarak Valilik \u00f6n\u00fcne kadar devam etti. Y\u00fcr\u00fcy\u00fc\u015fte mehteran tak\u0131m\u0131, \u00e7e\u015fitli okullar, engelli dernekleri ve sivil toplum kurulu\u015flar\u0131n\u0131n yan\u0131 s\u0131ra Gaziantep, Moskova, Kuzey K\u0131br\u0131s T\u00fcrk Cumhuriyeti ve Bulgaristan\u2019dan gelen uluslararas\u0131 \u00f6\u011frenci topluluklar\u0131 da yer ald\u0131. Kortej boyunca protokol \u00fcyeleri vatanda\u015flar\u0131 selamlad\u0131. Kutlamalar s\u0131ras\u0131nda otob\u00fcslerin \u00fczerinden izleyen vatanda\u015flar\u0131n \u00fczerine g\u00fcl yapraklar\u0131 ve g\u00fcl sular\u0131 serpildi. Festival co\u015fkusu Isparta sokaklar\u0131n\u0131 renklendirdi.<\/p>\n<p>&#8220;Amac\u0131m\u0131z Isparta\u2019n\u0131n bilinirli\u011fini art\u0131rmak ve d\u00fcnya \u00e7ap\u0131nda tan\u0131n\u0131r hale gelmek&#8221;<br \/>\n<br \/>Kortej y\u00fcr\u00fcy\u00fc\u015f\u00fc sonras\u0131nda konu\u015fan Isparta Belediye Ba\u015fkan\u0131 \u015e\u00fckr\u00fc Ba\u015fde\u011firmen, festivale kat\u0131lan herkese te\u015fekk\u00fcr ederek, etkinli\u011fin \u015fehre olan katk\u0131lar\u0131na dikkat \u00e7ekti. Ba\u015fde\u011firmen, &#8220;Bu y\u0131l festivalimiz her zamankinden daha g\u00fczel, daha co\u015fkulu ge\u00e7ti. Isparta\u2019dan ve yurt d\u0131\u015f\u0131ndan gelen misafirlerimize te\u015fekk\u00fcr ediyorum. Festivalimizi \u00fc\u00e7 g\u00fcn boyunca eski otogar alan\u0131nda s\u00fcrd\u00fcrece\u011fiz. Amac\u0131m\u0131z Isparta\u2019n\u0131n bilinirli\u011fini art\u0131rmak ve \u015fehrimizi d\u00fcnya \u00e7ap\u0131nda tan\u0131n\u0131r hale getirmektir&#8221; dedi.<\/p>\n<p>&#8220;Bug\u00fcn sadece bir g\u00fcl hasad\u0131n\u0131 de\u011fil, ayn\u0131 zamanda bir k\u00fclt\u00fcr\u00fc, bir medeniyeti ve eme\u011fi kutluyoruz&#8221;<br \/>\n<br \/>Ba\u015fkan Ba\u015fde\u011firmen, Isparta\u2019n\u0131n d\u00fcnyada g\u00fcl ile an\u0131lan bir \u015fehir oldu\u011funu belirterek, &#8220;D\u00fcnyada en \u00e7ok g\u00fcl, Isparta\u2019da \u00fcretiliyor. Bug\u00fcn sadece bir g\u00fcl hasad\u0131n\u0131 de\u011fil, ayn\u0131 zamanda bir k\u00fclt\u00fcr\u00fc, bir medeniyeti ve eme\u011fi kutluyoruz. Kortejimizde 30\u2019a yak\u0131n \u00fclkenin bayraklar\u0131n\u0131, 10\u2019a yak\u0131n \u00fclkenin ise k\u00fclt\u00fcrel g\u00f6sterilerini izleme f\u0131rsat\u0131 bulduk. Bu t\u00fcr etkinlikler k\u00fclt\u00fcrel etkile\u015fimi art\u0131r\u0131yor&#8221; ifadelerini kulland\u0131.<br \/>\n<br \/>Festival, 1 Haziran\u2019a kadar \u00e7e\u015fitli konserler, g\u00f6steriler ve etkinliklerle devam edecek.<br \/><\/p>\n","protected":false},"excerpt":{"rendered":"<p>Isparta\u2019da d\u00fczenlenen &#8220;Uluslararas\u0131 G\u00fcl Festivali&#8221;, 30\u2019a yak\u0131n \u00fclkenin kat\u0131l\u0131m\u0131yla kortej y\u00fcr\u00fcy\u00fc\u015f\u00fcyle ba\u015flad\u0131. G\u00fcl yapraklar\u0131 ve g\u00fcl sular\u0131n\u0131n e\u015flik etti\u011fi y\u00fcr\u00fcy\u00fc\u015fte \u015fehir adeta renk c\u00fcmb\u00fc\u015f\u00fcne d\u00f6nd\u00fc. Isparta Valili\u011fi ve Isparta Belediyesi i\u015f birli\u011fiyle bu y\u0131l d\u00fczenlenen Uluslararas\u0131 G\u00fcl Festivali kortej y\u00fcr\u00fcy\u00fc\u015f\u00fcyle ba\u015flad\u0131. Festival kapsam\u0131nda ger\u00e7ekle\u015ftirilen korteje Isparta Valisi Abdullah Erin, Isparta Belediye Ba\u015fkan\u0131 \u015e\u00fckr\u00fc Ba\u015fde\u011firmen, sivil&#8230;<\/p>\n","protected":false},"author":1,"featured_media":32521,"comment_status":"open","ping_status":"open","sticky":false,"template":"","format":"standard","meta":{"_crdt_document":"","footnotes":""},"categories":[1],"tags":[],"class_list":["post-32520","post","type-post","status-publish","format-standard","has-post-thumbnail","hentry","category-guncel"],"_links":{"self":[{"href":"https:\/\/www.egemtv.com\/index.php?rest_route=\/wp\/v2\/posts\/32520","targetHints":{"allow":["GET"]}}],"collection":[{"href":"https:\/\/www.egemtv.com\/index.php?rest_route=\/wp\/v2\/posts"}],"about":[{"href":"https:\/\/www.egemtv.com\/index.php?rest_route=\/wp\/v2\/types\/post"}],"author":[{"embeddable":true,"href":"https:\/\/www.egemtv.com\/index.php?rest_route=\/wp\/v2\/users\/1"}],"replies":[{"embeddable":true,"href":"https:\/\/www.egemtv.com\/index.php?rest_route=%2Fwp%2Fv2%2Fcomments&post=32520"}],"version-history":[{"count":1,"href":"https:\/\/www.egemtv.com\/index.php?rest_route=\/wp\/v2\/posts\/32520\/revisions"}],"predecessor-version":[{"id":32522,"href":"https:\/\/www.egemtv.com\/index.php?rest_route=\/wp\/v2\/posts\/32520\/revisions\/32522"}],"wp:featuredmedia":[{"embeddable":true,"href":"https:\/\/www.egemtv.com\/index.php?rest_route=\/wp\/v2\/media\/32521"}],"wp:attachment":[{"href":"https:\/\/www.egemtv.com\/index.php?rest_route=%2Fwp%2Fv2%2Fmedia&parent=32520"}],"wp:term":[{"taxonomy":"category","embeddable":true,"href":"https:\/\/www.egemtv.com\/index.php?rest_route=%2Fwp%2Fv2%2Fcategories&post=32520"},{"taxonomy":"post_tag","embeddable":true,"href":"https:\/\/www.egemtv.com\/index.php?rest_route=%2Fwp%2Fv2%2Ftags&post=32520"}],"curies":[{"name":"wp","href":"https:\/\/api.w.org\/{rel}","templated":true}]}}