{"id":32517,"date":"2025-05-30T20:15:56","date_gmt":"2025-05-30T17:15:56","guid":{"rendered":"https:\/\/www.egemtv.com\/?p=32517"},"modified":"2025-05-30T20:16:00","modified_gmt":"2025-05-30T17:16:00","slug":"baskan-balaban-14-aylik-calismalarini-anlatti","status":"publish","type":"post","link":"https:\/\/www.egemtv.com\/?p=32517","title":{"rendered":"Ba\u015fkan Balaban 14 ayl\u0131k \u00e7al\u0131\u015fmalar\u0131n\u0131 anlatt\u0131"},"content":{"rendered":"<p>Yunusemre Belediye Ba\u015fkan\u0131 Semih Balaban, g\u00f6revdeki 14 ayda yapt\u0131\u011f\u0131 \u00e7al\u0131\u015fmalar\u0131 1. Y\u0131l Bulu\u015fmas\u0131\u2019nda anlatt\u0131. Halk\u00e7\u0131, kat\u0131l\u0131mc\u0131 ve tasarruf odakl\u0131 belediyecilik anlay\u0131\u015f\u0131yla \u00e7al\u0131\u015ft\u0131klar\u0131na dikkat \u00e7eken Ba\u015fkan Balaban, yeni vizyonlar\u0131 &#8220;DAHA&#8221; ile il\u00e7eyi ileriye ta\u015f\u0131yacaklar\u0131n\u0131 vurgululad\u0131.<br \/>\n<br \/>Yunusemre Belediye Ba\u015fkan\u0131 Semih Balaban y\u00f6netime geldi\u011fi g\u00fcnden bu yana yapt\u0131\u011f\u0131 \u00e7al\u0131\u015fmalar\u0131 Millet \u00c7ar\u015f\u0131s\u0131 Konferans Salonu\u2019nda d\u00fczenledi\u011fi 1. Y\u0131l Bulu\u015fmas\u0131\u2019nda anlatt\u0131. Programda Manisa B\u00fcy\u00fck\u015fehir Belediye Ba\u015fkan\u0131 Ferdi Zeyrek, CHP \u0130l Ba\u015fkan\u0131 \u0130lksen \u00d6zalper, CHP Yunusemre \u0130l\u00e7e Ba\u015fkan\u0131 Mehmet Arslan, belediye ba\u015fkan yard\u0131mc\u0131lar\u0131, meclis \u00fcyeleri, daire m\u00fcd\u00fcrleri, siyasi ve sivil toplum \u00f6rg\u00fct\u00fc temsilcileri ve muhtarlar\u0131 da Ba\u015fkan Balaban\u2019\u0131 yaln\u0131z b\u0131rakmad\u0131. Sayg\u0131 duru\u015fu ve \u0130stiklal Mar\u015f\u0131\u2019n\u0131n ard\u0131ndan a\u00e7\u0131l\u0131\u015f konu\u015fmas\u0131n\u0131 yapan Yunusemre Belediye Ba\u015fkan\u0131 Semih Balaban, iktidar\u0131n t\u00fcm ku\u015fatmas\u0131na ra\u011fmen B\u00fcy\u00fck\u015fehir Belediye Ba\u015fkan\u0131 Ferdi Zeyrek ba\u015fkanl\u0131\u011f\u0131nda kente en g\u00fczel hizmeti yapmaya gayret g\u00f6sterdiklerini s\u00f6yledi. Ba\u015fkan Semih Balaban, 1 y\u0131lda b\u00fct\u00fcn engellemelere ra\u011fmen Ferdi ve G\u00fcl\u015fah ba\u015fkan\u0131mla Manisa\u2019da g\u00fczel i\u015fler yapt\u0131k, yapmaya da devam edece\u011fiz. Bug\u00fcne kadar da 1 lira kredi kullanmadan, \u00e7ek kesmeden bug\u00fcnlere geldik. 31 Mart\u2019ta hem T\u00fcrkiye\u2019de hem de Manisa\u2019da b\u00fcy\u00fck bir tarih yazd\u0131k. Bunu bir\u00e7ok ki\u015fi ve kuruma bor\u00e7luyuz. Ba\u015fta T\u00fcrkiye\u2019nin umudu Manisa\u2019n\u0131n evlad\u0131 Say\u0131n \u00d6zg\u00fcr \u00d6zel\u2019e te\u015fekk\u00fcr ediyorum. Manisa\u2019da birlik ve beraberlik i\u00e7erisinde il ba\u015fkanl\u0131\u011f\u0131m\u0131z\u0131n \u00f6nc\u00fcl\u00fc\u011f\u00fcnde, Ferdi Ba\u015fkan\u0131m\u0131z\u0131n kaptanl\u0131\u011f\u0131nda iktidara y\u00fcr\u00fcyoruz. Ekrem Ba\u015fkana, belediye ba\u015fkanlar\u0131m\u0131za yap\u0131lan bask\u0131 ve hukuksuzlu\u011fu da \u015fiddetle k\u0131n\u0131yoruz. G\u00fcn gelecek, devran d\u00f6necek. Herkes hukuk \u00f6n\u00fcnde halka hesap verecek&#8221; dedi.<br \/>\n<br \/>Programda kat\u0131l\u0131mc\u0131lar\u0131 selamlayan Manisa B\u00fcy\u00fck\u015fehir Belediye Ba\u015fkan\u0131 Ferdi Zeyrek, Ba\u015fkan Balaban\u2019\u0131 tebrik etti.<br \/>\n<br \/>CHP \u0130l Ba\u015fkan\u0131 \u0130lksen \u00d6zalper ise konu\u015fmas\u0131nda \u015fu s\u00f6zlere yer verdi: &#8220;Dediler ki bu \u00fclkenin yeniden bir kurtulu\u015fa, yeniden CHP\u2019ye ihtiyac\u0131 var. \u0130lk gelen se\u00e7imlerde Say\u0131n Genel Ba\u015fkan\u0131m\u0131z \u00d6zg\u00fcr \u00d6zel liderli\u011finde de\u011fi\u015fimin ilk ate\u015fini Manisa\u2019dan ba\u015flayarak t\u00fcm T\u00fcrkiye\u2019de yakt\u0131k. Ama genel ba\u015fkan\u0131m\u0131z\u0131n da her f\u0131rsatta s\u00f6yledi\u011fi gibi bu bir zafer de\u011fil, sadece bir ba\u015far\u0131&#8221;<\/p>\n<p>&#8220;Borcu bahane etmedik&#8221;<br \/>\n<br \/>Konu\u015fmalar\u0131n ard\u0131ndan yeniden s\u00f6z alan ve y\u00f6netimde ge\u00e7en 14 ayl\u0131k s\u00fcre\u00e7te adil, kat\u0131l\u0131mc\u0131 ve halk odakl\u0131 bir belediyecilik anlay\u0131\u015f\u0131yla \u00e7al\u0131\u015ft\u0131klar\u0131n\u0131 dile getiren Belediye Ba\u015fkan\u0131 Balaban konu\u015fmas\u0131nda, &#8220;Bug\u00fcn sizlere Yunusemre\u2019de birlikte y\u00fcr\u00fcd\u00fc\u011f\u00fcm\u00fcz de\u011fi\u015fim yolculu\u011funun ad\u0131mlar\u0131n\u0131 anlatmak, yapt\u0131\u011f\u0131m\u0131z hizmetleri sizlerle payla\u015fmak i\u00e7in bir araya geldik. Her bir projemiz, sizlerin ya\u015fam kalitesini art\u0131rmak, kentimizi daha ya\u015fanabilir hale getirmek i\u00e7in at\u0131lm\u0131\u015f kararl\u0131 ad\u0131mlard\u0131r. Belediyemizi a\u011f\u0131r bir bor\u00e7 y\u00fck\u00fcyle devralmam\u0131za ra\u011fmen, halk\u0131m\u0131z i\u00e7in \u00e7al\u0131\u015fmaktan asla vazge\u00e7medik. Her ad\u0131m\u0131m\u0131zda sizlerin g\u00fcveni ve deste\u011fi bize yol g\u00f6sterdi, g\u00fc\u00e7 verdi. Bug\u00fcn geldi\u011fimiz noktada, kaynaklar\u0131 do\u011fru kullanarak tasarrufu \u00f6n planda tutuyor ve israfa izin vermiyoruz. Halk\u0131m\u0131z\u0131n ya\u015fam kalitesini artt\u0131rmak i\u00e7in; k\u00fclt\u00fcr, \u00e7evre, sosyal destek ve e\u011fitim gibi pek \u00e7ok alanda kararl\u0131 ad\u0131mlar at\u0131yoruz. Her hizmetimizde, halk\u0131n paras\u0131n\u0131 halka kazand\u0131rma ilkesiyle hareket ederek, sizlerin deste\u011fiyle her zaman halk i\u00e7in, halk ad\u0131na, halkla birlikte \u00e7al\u0131\u015fmaya devam ediyoruz. Yar\u0131n ya da ayn\u0131 azimle, ayn\u0131 kararl\u0131l\u0131kla \u00e7al\u0131\u015faca\u011f\u0131z. Birlik ve dayan\u0131\u015fma i\u00e7erisinde: \u2018\u2018DAHA mutlu, DAHA umutlu, DAHA huzurlu, DAHA sa\u011fl\u0131kl\u0131, DAHA iyi bir Yunusemre\u2019\u2019i\u00e7in hep birlikte ilerleyece\u011fiz&#8221; dedi.<br \/>\n<br \/>Konu\u015fmas\u0131nda belediyenin yeni vizyonu olan &#8220;DAHA&#8221;y\u0131 da tan\u0131tan Ba\u015fkan Balaban \u015funlar\u0131 s\u00f6yledi:  \u2018DAHA\u2019 diyerek \u00e7\u0131kt\u0131\u011f\u0131m\u0131z bu yolda bu \u015fehirde art\u0131k tek ba\u015f\u0131na y\u00f6netilen de\u011fil, omuz omuza y\u00fcr\u00fcyen bir belediye var. Kat\u0131l\u0131mc\u0131, \u015feffaf ve halk\u00e7\u0131 bir belediyecilikle, bu \u015fehri herkes i\u00e7in daha ya\u015fanabilir, daha e\u015fit, daha umut dolu bir yer haline getirmek i\u00e7in; birlikte kurulan hayaller, birlikte at\u0131lan ad\u0131mlar bizi &#8220;DAHA&#8221; iyisine ta\u015f\u0131yor. \u00c7\u00fcnk\u00fc biliyoruz: DAHA\u2019s\u0131 m\u00fcmk\u00fcn! \u0130\u015fte, bu y\u00fczden; DAHA sadece bir kelime de\u011fil; bir vizyon, bir y\u00f6n, bir gelecek hedefidir. Birlikte hayal ettik, birlikte in\u015fa ettik. Birlikte de\u011fi\u015ftirdik. Bug\u00fcn\u00fc g\u00fczelle\u015ftirmek, yar\u0131n\u0131 birlikte kurmak i\u00e7in, &#8220;DAHA&#8221;s\u0131 var. \u015eimdi s\u0131ra birlikte daha&#8221; da ileri gitmekte Seninle &#8220;DAHA G\u00dc\u00c7L\u00dc, seninle DAHA \u0130LER\u0130&#8230; \u00c7\u00fcnk\u00fc, \u2018\u2019\u015eehir Sensin, \u015eehir Senin.&#8221;<br \/>\n<br \/>Hayata ge\u00e7irdikleri projeleri anlatan Ba\u015fkan Balaban, &#8220;\u00c7evremizi, sokaklar\u0131m\u0131z\u0131 ve havam\u0131z\u0131 temiz tutmak; sadece yerine getirilmesi gereken bir g\u00f6rev de\u011fil, birlikte ya\u015faman\u0131n vazge\u00e7ilmez bir gere\u011fidir. Bu anlay\u0131\u015fla; mahallelerimize bin adet yeni \u00e7\u00f6p konteyneri yerle\u015ftirdik. Mevcut bin 50 konteynerin bak\u0131m, onar\u0131m ve yenileme i\u015flemlerini ger\u00e7ekle\u015ftirdik. G\u00fcnl\u00fck ortalama 250 ton \u00e7\u00f6p topluyoruz. 4 bin 800 kez konteyner dezenfeksiyonu yap\u0131ld\u0131. Dezenfeksiyon ara\u00e7 filomuzu 2 kat\u0131na \u00e7\u0131kard\u0131k. S\u0131f\u0131r At\u0131k M\u00fcd\u00fcrl\u00fc\u011f\u00fc\u2019n\u00fc kurduk ve hem Ana Hizmet Binam\u0131z hem de Muradiye Ek Hizmet Binam\u0131z i\u00e7in S\u0131f\u0131r At\u0131k Belgesi ald\u0131k. Geri d\u00f6n\u00fc\u015f\u00fcm \u00e7al\u0131\u015fmalar\u0131m\u0131zda y\u00fczde 98 oran\u0131nda art\u0131\u015f sa\u011flad\u0131k. 68 bin 350 kg ambalaj at\u0131\u011f\u0131, 54 bin 849 kg lastik at\u0131\u011f\u0131, bin 704 at\u0131k pil toplayarak, toplamda 124 bin 903 kilogram geri d\u00f6n\u00fc\u015ft\u00fcr\u00fclebilir at\u0131\u011f\u0131 ekonomiye kazand\u0131rd\u0131k. G\u00f6n\u00fcll\u00fc vatanda\u015flar\u0131m\u0131zla birlikte \u00e7\u00f6p toplama etkinlikleri d\u00fczenledik. Okullarda \u00e7evre ve geri d\u00f6n\u00fc\u015f\u00fcm e\u011fitimleri verdik. 138 ibadethanemizin d\u00fczenli temizli\u011fini sa\u011flad\u0131k&#8221; diye konu\u015ftu.<\/p>\n<p>\u00c7evreci Yunusemre<br \/>\n<br \/>\u00c7evreci bir Yunusemre i\u00e7in \u00e7al\u0131\u015ft\u0131klar\u0131n\u0131 aktaran Ba\u015fkan Balaban, &#8220;Do\u011fayla uyum i\u00e7inde, s\u00fcrd\u00fcr\u00fclebilir \u00e7\u00f6z\u00fcmlerle hareket ediyor; ye\u015fil enerji ve bilin\u00e7li t\u00fcketimi \u00f6n planda tutuyoruz. G\u00fcne\u015f Enerji Santrali kurduk. Enerji ihtiyac\u0131m\u0131z\u0131 yenilenebilir kaynaklardan kar\u015f\u0131layarak belediyemize gelir sa\u011flad\u0131k. Aktif ye\u015fil alan miktar\u0131n\u0131 56 bin 400 metrekare art\u0131rd\u0131k. \u00dc\u00e7p\u0131nar Mahallesi\u2019nde Yasin Halat Vefa Park\u0131\u2019n\u0131 a\u00e7t\u0131k. S\u00fcreyya Tabiat Park\u0131\u2019n\u0131 yeniden d\u00fczenleyerek halk\u0131m\u0131z\u0131n hizmetine sunduk. G\u00fczelyurt Mahallesi\u2019nde yeni park \u00e7al\u0131\u015fmas\u0131, 50. Y\u0131l Mahallesi\u2019nde 900 metrekarelik ye\u015fillendirme yapt\u0131k. \u0130l\u00e7e genelinde; 16 bin 459 \u00e7al\u0131, 5 bin 40 \u00e7i\u00e7ek, Bin 597 a\u011fa\u00e7 diktik. 4 bin 300 metrekare rulo \u00e7im serildi, 3 bin kilogram \u00e7im tohumu kullan\u0131ld\u0131&#8221; diye konu\u015ftu.<\/p>\n<p>&#8220;Daha sa\u011fl\u0131kl\u0131 bir toplum i\u00e7in&#8221;<br \/>\n<br \/>Yunusemreli vatanda\u015flar\u0131n fiziksel ve ruhsal sa\u011fl\u0131klar\u0131n\u0131 \u00f6nemsediklerini belirten Balaban, &#8220;Fiziksel ve ruhsal sa\u011fl\u0131\u011f\u0131m\u0131z\u0131 \u00f6nemsiyor, sa\u011fl\u0131k hizmetlerine eri\u015fimi kolayla\u015ft\u0131r\u0131yoruz. Manisa\u2019da ilk kez; fizyoterapist, aile dan\u0131\u015fman\u0131, psikolog, diyetisyen ve dil terapisti deste\u011fi verdik. Bin 482 ki\u015fiye fizyoterapi, 520 ki\u015fiye aile dan\u0131\u015fmanl\u0131\u011f\u0131, 407 ki\u015fiye psikolojik dan\u0131\u015fmanl\u0131k, 280 ki\u015fiye diyetisyen, 141 ki\u015fiye dil terapisi hizmeti sunduk. 3 bin 289 ki\u015fiye halk sa\u011fl\u0131\u011f\u0131 e\u011fitimi verdik. 2 bin 830 ki\u015fiye bireysel sa\u011fl\u0131k dan\u0131\u015fmanl\u0131\u011f\u0131, 2 bin 538 ki\u015fiye KETEM taramas\u0131 yapt\u0131k. Bin 149 ki\u015fiye mobil sa\u011fl\u0131k hizmeti ula\u015ft\u0131rd\u0131k. Alzheimer ve Demans Dan\u0131\u015fma Merkezi\u2019ni a\u00e7t\u0131k. Kad\u0131na y\u00f6nelik \u015fiddet, obezite, gebelik gibi konularda seminerler d\u00fczenledik. Yata\u011fa ba\u011f\u0131ml\u0131 bireylere evde bak\u0131m hizmeti, hasta yak\u0131nlar\u0131na psikososyal destek sunduk.&#8221; dedi.<\/p>\n<p>&#8220;Daha engelsiz bir ya\u015fam i\u00e7in&#8221;<br \/>\n<br \/>\u0130l\u00e7edeki engelli vatanda\u015flar\u0131 da ihmal etmediklerini s\u00f6yleyen Balaban, &#8220;Eri\u015filebilirlik bir ayr\u0131cal\u0131k de\u011fil, hakt\u0131r. Engelsiz Ya\u015fam Merkezi\u2019nde e\u011fitim ve sosyal etkinlikler d\u00fczenledik. \u0130l\u00e7e genelinde rampa ve kald\u0131r\u0131m d\u00fczenlemeleri yapt\u0131k. Bin 458 ki\u015fiye evde banyo, bin 455 ki\u015fiye berber hizmeti sa\u011flad\u0131k. 39 engelli vatanda\u015f\u0131m\u0131za tekerlekli sandalye deste\u011fi verdik. Ya\u015fl\u0131, engelli ve yard\u0131ma muhta\u00e7 vatanda\u015flar\u0131m\u0131za s\u0131cak yemek da\u011f\u0131tt\u0131k, bu hizmetin kapasitesini art\u0131rd\u0131k&#8221; ifadelerini kulland\u0131.<br \/>\n<br \/>Kad\u0131nlara y\u00f6nelik a\u00e7\u0131lan kurslar hakk\u0131nda bilgi veren Ba\u015fkan Balaban, &#8220;Toplumsal e\u015fitlik, sadece savunulan de\u011fil, uygulanan bir ilkedir. 12 mahallede bulunan Kad\u0131n Dayan\u0131\u015fma ve E\u011fitim Merkezlerinde 23 bran\u015fta 129 kurs a\u00e7t\u0131k, 18 bin 471 ki\u015fiye e\u011fitim verdik. Kad\u0131n El Eme\u011fi Pazar\u0131 ile kad\u0131nlar\u0131m\u0131z\u0131n ekonomiye kat\u0131l\u0131m\u0131n\u0131 sa\u011flad\u0131k. &#8220;Her Kad\u0131n G\u00fczeldir&#8221; projesiyle k\u0131rsala kuaf\u00f6r hizmeti g\u00f6t\u00fcrd\u00fck. Kad\u0131n Destek Hatt\u0131\u2019n\u0131 kurduk. Kad\u0131na \u015fiddete kar\u015f\u0131 seminerler verdik. Okuma-yazma kurslar\u0131yla bir\u00e7ok kad\u0131n\u0131 okuryazar yapt\u0131k.&#8221; dedi.<br \/>\n<br \/>2 bin 500 sokak k\u00f6pe\u011fini k\u0131s\u0131rla\u015ft\u0131rd\u0131klar\u0131n\u0131 a\u00e7\u0131klayan Balaban, &#8220;Empati, dayan\u0131\u015fma ve sosyal sorumlulu\u011fu \u00f6nceliyoruz. Ege B\u00f6lgesi\u2019nin en modern Hayvan Ya\u015fam Merkezi\u2019ni hizmete ald\u0131k. 1 y\u0131lda 2 bin 500 sokak k\u00f6pe\u011fini k\u0131s\u0131rla\u015ft\u0131rd\u0131k. Sokak hayvanlar\u0131na y\u00f6nelik ara\u00e7 say\u0131s\u0131n\u0131 iki kat\u0131na \u00e7\u0131kard\u0131k&#8221; diye konu\u015ftu.<\/p>\n<p>&#8220;Daha \u015feffaf bir y\u00f6netim&#8221;<br \/>\n<br \/>\u015eeffaf bir y\u00f6netim anlay\u0131\u015f\u0131n\u0131 belirlediklerini s\u00f6yleyen Balaban, &#8220;A\u00e7\u0131kl\u0131k, hesap verebilirlik ve ortak ak\u0131lla y\u00f6netimi benimsiyoruz. \u00d6nceki y\u00f6netimden devral\u0131nan 1.4 milyar TL borcun 200 milyon TL\u2019sini \u00f6dedik. 80 bin TL\u2019lik konteynerleri at\u00f6lyemizde 21 bin TL\u2019ye mal ettik. K\u00fclt\u00fcr harcamalar\u0131nda ciddi tasarruf sa\u011flad\u0131k. \u00c7a\u011fr\u0131 merkezimizi g\u00fc\u00e7lendirdik. Kamu zararlar\u0131n\u0131 tespit edip hukuki s\u00fcre\u00e7leri ba\u015flatt\u0131k. Meclis toplant\u0131lar\u0131n\u0131 ve d\u00fczenli bas\u0131n toplant\u0131lar\u0131n\u0131 canl\u0131 yay\u0131ml\u0131yoruz.&#8221; dedi.<\/p>\n<p>&#8220;100 binden fazla hem\u015fehrimizle do\u011frudan g\u00f6r\u00fc\u015ft\u00fck&#8221;<br \/>\n<br \/>Her f\u0131rsatta vatanda\u015flar\u0131yla bir araya geldiklerini s\u00f6yleyen Ba\u015fkan Balaban,<br \/>\n<br \/>&#8220;Demokrasiyi sadece se\u00e7im d\u00f6nemlerine s\u0131k\u0131\u015ft\u0131rm\u0131yor, her vatanda\u015f\u0131m\u0131z\u0131n sesini duyurabildi\u011fi bir y\u00f6netim anlay\u0131\u015f\u0131n\u0131 benimsiyoruz. Mahalle meclislerini kurarak halk\u0131n y\u00f6netime do\u011frudan katk\u0131 sunmas\u0131n\u0131 sa\u011flad\u0131k. 31 mahallemizi k\u0131rsal mahalle stat\u00fcs\u00fcne ge\u00e7irdik. D\u00fczenli olarak ger\u00e7ekle\u015ftirdi\u011fimiz &#8220;Halk G\u00fcnleri&#8221; bulu\u015fmalar\u0131nda vatanda\u015flar\u0131m\u0131zla birebir temas kurduk. 100 binden fazla hem\u015fehrimizle do\u011frudan g\u00f6r\u00fc\u015ft\u00fck. Ben de 292 \u00e7iftimizin nik\u00e2h\u0131n\u0131 bizzat k\u0131yarak onlar\u0131n \u00f6zel anlar\u0131na e\u015flik ettim. K\u0131rsal mahallelere \u00f6zel destek mekanizmalar\u0131 geli\u015ftirerek \u00e7\u00f6z\u00fcmleri yerinde \u00fcrettik&#8221; dedi.<br \/>\n<br \/>Gen\u00e7lere y\u00f6nelik \u00e7al\u0131\u015fmalar\u0131 anlatan Balaban, &#8220;\u00d6\u011frenmenin ya\u015fam boyu s\u00fcren bir s\u00fcre\u00e7 oldu\u011funa inan\u0131yor, e\u011fitimi her ya\u015fa ve her alana ta\u015f\u0131yoruz. Muradiye Yunusemre E\u011fitim ve Gen\u00e7lik Merkezi\u2019ni (YEGEM) hizmete a\u00e7t\u0131k. 3 yeni \u00e7ocuk e\u011fitim merkezi i\u00e7in \u00e7al\u0131\u015fmalar ba\u015flatt\u0131k. T\u00fcrkiye\u2019ye \u00f6rnek olacak &#8220;Gece N\u00f6bet\u00e7i \u00c7ocuk E\u011fitim Merkezi&#8221;ni a\u00e7t\u0131k. \u00d6zel sekt\u00f6r i\u015f birlikleriyle 3 bin 280 yurtta\u015f\u0131m\u0131za istihdam sa\u011flad\u0131k. &#8220;Ne\u015feli Teneff\u00fcsler&#8221; projesiyle okul bah\u00e7elerine oyun alanlar\u0131 kurduk. Yaz okullar\u0131 ve spor etkinlikleriyle binlerce gencimize ula\u015ft\u0131k. \u00dccretsiz okuma-yazma kurslar\u0131yla okuryazarl\u0131k oran\u0131n\u0131 art\u0131rd\u0131k. K\u00fct\u00fcphanemizin kitap say\u0131s\u0131n\u0131 art\u0131rd\u0131k. Aigai Antik Kenti\u2019ndeki kaz\u0131 \u00e7al\u0131\u015fmalar\u0131na lojistik destek sa\u011flad\u0131k&#8221; ifadelerini kulland\u0131.<br \/>\n<br \/>Vatanda\u015flar\u0131n el emeklerine de\u011fer verdiklerini s\u00f6yleyen Balaban, &#8220;Kendi kaynaklar\u0131n\u0131 ak\u0131ll\u0131ca kullanan, yerel \u00fcretimi destekleyen bir vizyonla hareket ediyoruz. Ortak\u00f6y\u2019de \u00fcretici pazar\u0131 kurarak \u00fcreticilere do\u011frudan sat\u0131\u015f imk\u00e2n\u0131 sunduk. Millet \u00c7ar\u015f\u0131s\u0131\u2019nda Kad\u0131n El Eme\u011fi Pazar\u0131 ile kad\u0131nlar\u0131n ekonomik g\u00f6r\u00fcn\u00fcrl\u00fc\u011f\u00fcn\u00fc art\u0131rd\u0131k. 21 bin fidan ve 300 ar\u0131 kovan\u0131n\u0131 \u00fcreticilere da\u011f\u0131tt\u0131k. K\u0131rsal kalk\u0131nmay\u0131 destekleyerek s\u00fcrd\u00fcr\u00fclebilir \u00fcretimi te\u015fvik ettik&#8221; dedi.<\/p>\n<p>&#8220;31 mahallede 1.200 kilometre ova yolu bak\u0131m\u0131 yapt\u0131k&#8221;<br \/>\n<br \/>Planl\u0131 bir kentle\u015fme i\u00e7in \u00e7al\u0131\u015fmalar\u0131n\u0131 s\u00fcrd\u00fcrd\u00fcklerini belirten Ba\u015fkan Balaban, &#8220;Bug\u00fcn\u00fc de\u011fil, yar\u0131n\u0131 da d\u00fc\u015f\u00fcnerek ak\u0131ll\u0131 ve s\u00fcrd\u00fcr\u00fclebilir bir geli\u015fim plan\u0131 uyguluyoruz. 18 mahallede toplam 148 bin metrekare kilitli parke ve karo ta\u015f\u0131 d\u00f6\u015fedik. 95 bin metrekare asfalt sathi kaplama ger\u00e7ekle\u015ftirdik. 9 mahallede yol d\u00fczenleme ve asfalt \u00e7al\u0131\u015fmalar\u0131n\u0131 tamamlad\u0131k. 6 mahallede 40 y\u0131ll\u0131k imar sorunlar\u0131na \u00e7\u00f6z\u00fcm geli\u015ftirdik. 31 mahallede 1.200 kilometre ova yolu bak\u0131m\u0131 yapt\u0131k, 60 kilometre yeni ova yolu a\u00e7t\u0131k, 170 kilometrelik ova ve arazi yolunu stabilize hale getirdik. 143 riskli yap\u0131n\u0131n tespitini yaparak y\u0131k\u0131m\u0131n\u0131 ger\u00e7ekle\u015ftirdik. Yunusemre Arama Kurtarma Birimi\u2019ni (YUKUT) kurarak bir ilki ba\u015fard\u0131k. Muradiye Ek Hizmet Binam\u0131z\u0131 yeniden hizmete a\u00e7arak 70 bin vatanda\u015f\u0131m\u0131z\u0131n i\u015flerini kolayla\u015ft\u0131rd\u0131k. Ara\u00e7 filomuza 22 yeni ara\u00e7 ekledik&#8221; diye konu\u015ftu.<\/p>\n<p>&#8220;E-Devlet \u00fczerinden bir\u00e7ok belediye hizmetini eri\u015fime a\u00e7t\u0131k&#8221;<br \/>\n<br \/>Teknolojiyi kullanarak vatanda\u015flar\u0131n ya\u015famlar\u0131n\u0131 kolayla\u015ft\u0131rd\u0131klar\u0131n\u0131 a\u00e7\u0131klayan Balaban, &#8220;Teknolojiyi herkesin hizmetine sunarak ya\u015fam\u0131 kolayla\u015ft\u0131r\u0131yoruz. AYKOME altyap\u0131 taleplerinde y\u00fczde 95 oran\u0131nda tamamlanma oran\u0131 sa\u011flad\u0131k. \u00c7\u00f6p Takip Sistemi i\u00e7in altyap\u0131 \u00e7al\u0131\u015fmalar\u0131na ba\u015flad\u0131k. S\u00fcreyya Tabiat Park\u0131, 100. Y\u0131l Meydan\u0131 ve belediye binam\u0131zda \u00fccretsiz Wi-Fi hizmeti sa\u011flad\u0131k. Ask\u0131da Fatura dijital dayan\u0131\u015fma altyap\u0131s\u0131n\u0131 kurduk. E-Devlet \u00fczerinden bir\u00e7ok belediye hizmetini eri\u015fime a\u00e7t\u0131k. Co\u011frafi yedekleme ile g\u00fc\u00e7lendirilmi\u015f dijital altyap\u0131m\u0131zla bilgi g\u00fcvenli\u011fini \u00fcst seviyeye ta\u015f\u0131d\u0131k&#8221; dedi.<br \/>\n<br \/>Sporu \u00f6nemseyerek daha sa\u011fl\u0131k bir toplum in\u015fa etmeyi ama\u00e7lad\u0131klar\u0131n\u0131 belirten Balaban, &#8220;Sporu ya\u015fam\u0131n bir par\u00e7as\u0131 haline getirerek sa\u011fl\u0131kl\u0131 bir toplum in\u015fa ediyoruz. \u00dc\u00e7p\u0131nar ve Seyitli Mahalleleri\u2019nde yeni spor sahalar\u0131 kurduk. Kad\u0131n Dayan\u0131\u015fma Merkezleri\u2019nde fitness ve pilates olanaklar\u0131 sunduk. Yuntda\u011f\u0131 b\u00f6lgesinde \u00e7ocuklara y\u00fczme kurslar\u0131 ba\u015flatt\u0131k. Osmancal\u0131 Mahallesi\u2019nde 40.000 m\u2019lik motokros pisti yapt\u0131k. Lisansl\u0131 sporcu say\u0131s\u0131n\u0131 17 binden 32 bine \u00e7\u0131kard\u0131k. Yerel ve uluslararas\u0131 d\u00fczeyde pek \u00e7ok bran\u015fta ba\u015far\u0131lar elde ettik. Uluslararas\u0131 Yunusemre Bisiklet yar\u0131\u015flar\u0131n\u0131 d\u00fczenledik. Amat\u00f6r spor kul\u00fcplerine ayni ve nakdi destek verdik. Yaz spor okullar\u0131nda binlerce \u00e7ocu\u011fa ula\u015ft\u0131k&#8221; dedi.<\/p>\n<p>&#8220;Bak\u0131ma muhta\u00e7 vatanda\u015flar\u0131m\u0131z\u0131n evlerini onar\u0131p yeniledik&#8221;<br \/>\n<br \/>Sosyalle\u015fmeyi ve dayan\u0131\u015fmay\u0131 \u00f6nemsediklerini s\u00f6yleyen Balaban, &#8220;Kom\u015fulu\u011fu, dayan\u0131\u015fmay\u0131 ve toplumsal ruhu yeniden canland\u0131r\u0131yoruz. Ba\u011fyolu, \u00d6rencik, Karaali ve Asmac\u0131k\u2019ta sosyal tesislerimizi, Hafsa Sultan Mahallesi\u2019nde taziye evini hizmete a\u00e7t\u0131k. Muradiye Akasya Yunus Park Kafe ile yeni bir sosyal alan olu\u015fturduk. 7 bin 165 k\u0131yafet ikinci el ma\u011fazam\u0131zdan ihtiya\u00e7 sahiplerine ula\u015ft\u0131. 4 bin 636 aileye g\u0131da kart\u0131, bin 961 \u00f6\u011frenciye k\u0131rtasiye ve \u00e7anta, bin 331 aileye bebek \u00e7antas\u0131, 724 aileye ev e\u015fyas\u0131 deste\u011fi verdik. Bak\u0131ma muhta\u00e7 vatanda\u015flar\u0131m\u0131z\u0131n evlerini onar\u0131p yeniledik. Ramazan ay\u0131 boyunca mahalle iftarlar\u0131 d\u00fczenledik. Ge\u00e7ti\u011fimiz y\u0131l kurban bayram\u0131nda 51 b\u00fcy\u00fckba\u015f, 94 k\u00fc\u00e7\u00fckba\u015f hayvan kesilerek toplam 25 ton et yard\u0131m\u0131 yap\u0131ld\u0131&#8221; ifadelerini kulland\u0131.<br \/>\n<br \/>Vatanda\u015flar\u0131n hem e\u011flenmelerini hem de k\u00fclt\u00fcrel faaliyetlerde bulunmalar\u0131 amac\u0131yla projeler geli\u015ftirdiklerini aktaran Balaban, &#8220;Hayat\u0131n keyfini birlikte \u00e7\u0131karabilece\u011fimiz sosyal ve k\u00fclt\u00fcrel etkinlikleri art\u0131r\u0131yoruz. Herkesin ula\u015fabilece\u011fi etkinlikler d\u00fczenledik. &#8220;Yunusemre\u2019nin Ritmi&#8221; ile mahallelerde konserler verdik. T\u00fcrk Halk ve T\u00fcrk Sanat M\u00fczi\u011fi korolar\u0131n\u0131 olu\u015fturduk. Mesir Festivali, Y\u0131lba\u015f\u0131 \u00c7ar\u015f\u0131s\u0131, Hamsi \u015e\u00f6leni, Roman Gecesi, Balkan Gecesi ve H\u0131d\u0131rellez \u015eenlikleri gibi bir\u00e7ok organizasyonu hayata ge\u00e7irdik. Kent Tiyatrosu arac\u0131l\u0131\u011f\u0131yla halk\u0131m\u0131z\u0131 k\u00fclt\u00fcrle bulu\u015fturduk. Yuntda\u011f\u0131\u2019nda a\u00e7\u0131k hava sinemas\u0131 ve Yunusemre Gen\u00e7lik \u015eenli\u011fi ile co\u015fkulu bulu\u015fmalar ger\u00e7ekle\u015ftirdik&#8221; diye konu\u015ftu.<br \/><\/p>\n","protected":false},"excerpt":{"rendered":"<p>Yunusemre Belediye Ba\u015fkan\u0131 Semih Balaban, g\u00f6revdeki 14 ayda yapt\u0131\u011f\u0131 \u00e7al\u0131\u015fmalar\u0131 1. Y\u0131l Bulu\u015fmas\u0131\u2019nda anlatt\u0131. Halk\u00e7\u0131, kat\u0131l\u0131mc\u0131 ve tasarruf odakl\u0131 belediyecilik anlay\u0131\u015f\u0131yla \u00e7al\u0131\u015ft\u0131klar\u0131na dikkat \u00e7eken Ba\u015fkan Balaban, yeni vizyonlar\u0131 &#8220;DAHA&#8221; ile il\u00e7eyi ileriye ta\u015f\u0131yacaklar\u0131n\u0131 vurgululad\u0131. Yunusemre Belediye Ba\u015fkan\u0131 Semih Balaban y\u00f6netime geldi\u011fi g\u00fcnden bu yana yapt\u0131\u011f\u0131 \u00e7al\u0131\u015fmalar\u0131 Millet \u00c7ar\u015f\u0131s\u0131 Konferans Salonu\u2019nda d\u00fczenledi\u011fi 1. Y\u0131l Bulu\u015fmas\u0131\u2019nda anlatt\u0131&#8230;.<\/p>\n","protected":false},"author":1,"featured_media":32518,"comment_status":"open","ping_status":"open","sticky":false,"template":"","format":"standard","meta":{"_crdt_document":"","footnotes":""},"categories":[1],"tags":[],"class_list":["post-32517","post","type-post","status-publish","format-standard","has-post-thumbnail","hentry","category-guncel"],"_links":{"self":[{"href":"https:\/\/www.egemtv.com\/index.php?rest_route=\/wp\/v2\/posts\/32517","targetHints":{"allow":["GET"]}}],"collection":[{"href":"https:\/\/www.egemtv.com\/index.php?rest_route=\/wp\/v2\/posts"}],"about":[{"href":"https:\/\/www.egemtv.com\/index.php?rest_route=\/wp\/v2\/types\/post"}],"author":[{"embeddable":true,"href":"https:\/\/www.egemtv.com\/index.php?rest_route=\/wp\/v2\/users\/1"}],"replies":[{"embeddable":true,"href":"https:\/\/www.egemtv.com\/index.php?rest_route=%2Fwp%2Fv2%2Fcomments&post=32517"}],"version-history":[{"count":1,"href":"https:\/\/www.egemtv.com\/index.php?rest_route=\/wp\/v2\/posts\/32517\/revisions"}],"predecessor-version":[{"id":32519,"href":"https:\/\/www.egemtv.com\/index.php?rest_route=\/wp\/v2\/posts\/32517\/revisions\/32519"}],"wp:featuredmedia":[{"embeddable":true,"href":"https:\/\/www.egemtv.com\/index.php?rest_route=\/wp\/v2\/media\/32518"}],"wp:attachment":[{"href":"https:\/\/www.egemtv.com\/index.php?rest_route=%2Fwp%2Fv2%2Fmedia&parent=32517"}],"wp:term":[{"taxonomy":"category","embeddable":true,"href":"https:\/\/www.egemtv.com\/index.php?rest_route=%2Fwp%2Fv2%2Fcategories&post=32517"},{"taxonomy":"post_tag","embeddable":true,"href":"https:\/\/www.egemtv.com\/index.php?rest_route=%2Fwp%2Fv2%2Ftags&post=32517"}],"curies":[{"name":"wp","href":"https:\/\/api.w.org\/{rel}","templated":true}]}}