{"id":32514,"date":"2025-05-30T19:35:00","date_gmt":"2025-05-30T16:35:00","guid":{"rendered":"https:\/\/www.egemtv.com\/?p=32514"},"modified":"2025-05-30T19:35:06","modified_gmt":"2025-05-30T16:35:06","slug":"araci-kursunlayan-sahislar-tutuklandi","status":"publish","type":"post","link":"https:\/\/www.egemtv.com\/?p=32514","title":{"rendered":"Arac\u0131 kur\u015funlayan \u015fah\u0131slar tutukland\u0131"},"content":{"rendered":"<p>Ayd\u0131n\u2019\u0131n Efeler il\u00e7esinde bir arac\u0131 kur\u015funlad\u0131\u011f\u0131 tespit edilen \u015f\u00fcpheli \u015fah\u0131slar jandarma taraf\u0131ndan yakalanarak, sevk edildikleri mahkeme taraf\u0131ndan tutukland\u0131.<br \/>\n<br \/>Efeler \u0130l\u00e7esi Ser\u00e7ek\u00f6y Mahallesi\u2019nde 28 May\u0131s tarihinde 14.00 s\u0131ralar\u0131nda \u015f\u00fcpheli bir arac\u0131n i\u00e7erisinden tabancayla kimli\u011fi belirsiz \u015fah\u0131slar\u0131n S.\u015e. isimli \u015fahs\u0131n arac\u0131na do\u011fru ate\u015f ederek ka\u00e7t\u0131klar\u0131 ihbar edildi.<br \/>\n<br \/>Olay\u0131n \u00f6\u011frenilmesine m\u00fcteakip Efeler \u0130l\u00e7e Jandarma Komutanl\u0131\u011f\u0131nca, Efeler \u0130l\u00e7e Emniyet M\u00fcd\u00fcrl\u00fc\u011f\u00fc ekipleri ile koordine kurulmas\u0131 sonucu ayn\u0131 g\u00fcn k\u0131sa s\u00fcre i\u00e7eri\u015fimde Efeler il\u00e7esi Tepecik Mahallesi\u2019nde durdurulan ara\u00e7 i\u00e7erisinde Y.\u00d6.(28) ve A.Y.(26) isimli \u015fah\u0131slar yakaland\u0131. Efeler \u0130l\u00e7e Jandarma Komutanl\u0131\u011f\u0131nca yap\u0131lan ara\u015ft\u0131rma sonucu olay esnas\u0131nda ara\u00e7ta bulunan O.B.(29) ve F.Y.(28) isimli \u015fah\u0131slar\u0131n ara\u00e7tan ayr\u0131ld\u0131klar\u0131 tespit edilerek yakaland\u0131. Olayda kullan\u0131lan silah Denizli-Ayd\u0131n Otoyolu yol kenar\u0131nda yap\u0131lan arama sonucunda ele ge\u00e7irildi. Ara\u00e7ta yap\u0131lan arama neticesinde 5 gram Kubar Esrar ve 2 gram Metamfetamin ele ge\u00e7irildi.<br \/>\n<br \/>Y.\u00d6.(28) ve A.Y.(26) O.B.(29) ve F.Y.(28) isimli \u015f\u00fcpheliler adli makamlarca tutuklanmalar\u0131na m\u00fcteakip Ceza \u0130nfaz Kurumuna teslim edildi.<br \/><\/p>\n","protected":false},"excerpt":{"rendered":"<p>Ayd\u0131n\u2019\u0131n Efeler il\u00e7esinde bir arac\u0131 kur\u015funlad\u0131\u011f\u0131 tespit edilen \u015f\u00fcpheli \u015fah\u0131slar jandarma taraf\u0131ndan yakalanarak, sevk edildikleri mahkeme taraf\u0131ndan tutukland\u0131. Efeler \u0130l\u00e7esi Ser\u00e7ek\u00f6y Mahallesi\u2019nde 28 May\u0131s tarihinde 14.00 s\u0131ralar\u0131nda \u015f\u00fcpheli bir arac\u0131n i\u00e7erisinden tabancayla kimli\u011fi belirsiz \u015fah\u0131slar\u0131n S.\u015e. isimli \u015fahs\u0131n arac\u0131na do\u011fru ate\u015f ederek ka\u00e7t\u0131klar\u0131 ihbar edildi. Olay\u0131n \u00f6\u011frenilmesine m\u00fcteakip Efeler \u0130l\u00e7e Jandarma Komutanl\u0131\u011f\u0131nca, Efeler \u0130l\u00e7e Emniyet&#8230;<\/p>\n","protected":false},"author":1,"featured_media":32515,"comment_status":"open","ping_status":"open","sticky":false,"template":"","format":"standard","meta":{"_crdt_document":"","footnotes":""},"categories":[5],"tags":[],"class_list":["post-32514","post","type-post","status-publish","format-standard","has-post-thumbnail","hentry","category-asayis"],"_links":{"self":[{"href":"https:\/\/www.egemtv.com\/index.php?rest_route=\/wp\/v2\/posts\/32514","targetHints":{"allow":["GET"]}}],"collection":[{"href":"https:\/\/www.egemtv.com\/index.php?rest_route=\/wp\/v2\/posts"}],"about":[{"href":"https:\/\/www.egemtv.com\/index.php?rest_route=\/wp\/v2\/types\/post"}],"author":[{"embeddable":true,"href":"https:\/\/www.egemtv.com\/index.php?rest_route=\/wp\/v2\/users\/1"}],"replies":[{"embeddable":true,"href":"https:\/\/www.egemtv.com\/index.php?rest_route=%2Fwp%2Fv2%2Fcomments&post=32514"}],"version-history":[{"count":1,"href":"https:\/\/www.egemtv.com\/index.php?rest_route=\/wp\/v2\/posts\/32514\/revisions"}],"predecessor-version":[{"id":32516,"href":"https:\/\/www.egemtv.com\/index.php?rest_route=\/wp\/v2\/posts\/32514\/revisions\/32516"}],"wp:featuredmedia":[{"embeddable":true,"href":"https:\/\/www.egemtv.com\/index.php?rest_route=\/wp\/v2\/media\/32515"}],"wp:attachment":[{"href":"https:\/\/www.egemtv.com\/index.php?rest_route=%2Fwp%2Fv2%2Fmedia&parent=32514"}],"wp:term":[{"taxonomy":"category","embeddable":true,"href":"https:\/\/www.egemtv.com\/index.php?rest_route=%2Fwp%2Fv2%2Fcategories&post=32514"},{"taxonomy":"post_tag","embeddable":true,"href":"https:\/\/www.egemtv.com\/index.php?rest_route=%2Fwp%2Fv2%2Ftags&post=32514"}],"curies":[{"name":"wp","href":"https:\/\/api.w.org\/{rel}","templated":true}]}}