{"id":32511,"date":"2025-05-30T19:15:37","date_gmt":"2025-05-30T16:15:37","guid":{"rendered":"https:\/\/www.egemtv.com\/?p=32511"},"modified":"2025-05-30T19:15:40","modified_gmt":"2025-05-30T16:15:40","slug":"mentesede-daga-dusen-simsek-boyle-goruntulendi","status":"publish","type":"post","link":"https:\/\/www.egemtv.com\/?p=32511","title":{"rendered":"Mente\u015fe\u2019de da\u011fa d\u00fc\u015fen \u015fim\u015fek b\u00f6yle g\u00f6r\u00fcnt\u00fclendi"},"content":{"rendered":"<p>Mu\u011fla\u2019n\u0131n Mente\u015fe il\u00e7esinde etkili olan g\u00f6k g\u00fcr\u00fclt\u00fcl\u00fc sa\u011fanak ya\u011f\u0131\u015f s\u0131ras\u0131nda da\u011fa d\u00fc\u015fen bir \u015fim\u015fek, b\u00f6yle g\u00f6r\u00fcnt\u00fclendi.<\/p>\n<p>Mente\u015fe\u2019de k\u0131sa s\u00fcreli ancak etkili olan sa\u011fanak ya\u011f\u0131\u015f ve g\u00f6k g\u00fcr\u00fclt\u00fcs\u00fc, vatanda\u015flara zor anlar ya\u015fat\u0131rken, \u015fim\u015fekler ise g\u00f6rsel \u015f\u00f6len olu\u015fturdu. Bu anlardan biri, da\u011f yamac\u0131na d\u00fc\u015fen bir \u015fim\u015fe\u011fin foto\u011fraf karelerine yans\u0131mas\u0131yla g\u00f6r\u00fcnt\u00fclendi.<br \/><\/p>\n","protected":false},"excerpt":{"rendered":"<p>Mu\u011fla\u2019n\u0131n Mente\u015fe il\u00e7esinde etkili olan g\u00f6k g\u00fcr\u00fclt\u00fcl\u00fc sa\u011fanak ya\u011f\u0131\u015f s\u0131ras\u0131nda da\u011fa d\u00fc\u015fen bir \u015fim\u015fek, b\u00f6yle g\u00f6r\u00fcnt\u00fclendi. Mente\u015fe\u2019de k\u0131sa s\u00fcreli ancak etkili olan sa\u011fanak ya\u011f\u0131\u015f ve g\u00f6k g\u00fcr\u00fclt\u00fcs\u00fc, vatanda\u015flara zor anlar ya\u015fat\u0131rken, \u015fim\u015fekler ise g\u00f6rsel \u015f\u00f6len olu\u015fturdu. Bu anlardan biri, da\u011f yamac\u0131na d\u00fc\u015fen bir \u015fim\u015fe\u011fin foto\u011fraf karelerine yans\u0131mas\u0131yla g\u00f6r\u00fcnt\u00fclendi.<\/p>\n","protected":false},"author":1,"featured_media":32512,"comment_status":"open","ping_status":"open","sticky":false,"template":"","format":"standard","meta":{"_crdt_document":"","footnotes":""},"categories":[1],"tags":[],"class_list":["post-32511","post","type-post","status-publish","format-standard","has-post-thumbnail","hentry","category-guncel"],"_links":{"self":[{"href":"https:\/\/www.egemtv.com\/index.php?rest_route=\/wp\/v2\/posts\/32511","targetHints":{"allow":["GET"]}}],"collection":[{"href":"https:\/\/www.egemtv.com\/index.php?rest_route=\/wp\/v2\/posts"}],"about":[{"href":"https:\/\/www.egemtv.com\/index.php?rest_route=\/wp\/v2\/types\/post"}],"author":[{"embeddable":true,"href":"https:\/\/www.egemtv.com\/index.php?rest_route=\/wp\/v2\/users\/1"}],"replies":[{"embeddable":true,"href":"https:\/\/www.egemtv.com\/index.php?rest_route=%2Fwp%2Fv2%2Fcomments&post=32511"}],"version-history":[{"count":1,"href":"https:\/\/www.egemtv.com\/index.php?rest_route=\/wp\/v2\/posts\/32511\/revisions"}],"predecessor-version":[{"id":32513,"href":"https:\/\/www.egemtv.com\/index.php?rest_route=\/wp\/v2\/posts\/32511\/revisions\/32513"}],"wp:featuredmedia":[{"embeddable":true,"href":"https:\/\/www.egemtv.com\/index.php?rest_route=\/wp\/v2\/media\/32512"}],"wp:attachment":[{"href":"https:\/\/www.egemtv.com\/index.php?rest_route=%2Fwp%2Fv2%2Fmedia&parent=32511"}],"wp:term":[{"taxonomy":"category","embeddable":true,"href":"https:\/\/www.egemtv.com\/index.php?rest_route=%2Fwp%2Fv2%2Fcategories&post=32511"},{"taxonomy":"post_tag","embeddable":true,"href":"https:\/\/www.egemtv.com\/index.php?rest_route=%2Fwp%2Fv2%2Ftags&post=32511"}],"curies":[{"name":"wp","href":"https:\/\/api.w.org\/{rel}","templated":true}]}}