{"id":32508,"date":"2025-05-30T19:15:33","date_gmt":"2025-05-30T16:15:33","guid":{"rendered":"https:\/\/www.egemtv.com\/?p=32508"},"modified":"2025-05-30T19:15:37","modified_gmt":"2025-05-30T16:15:37","slug":"mentesede-tutun-denetimleri-suruyor-bilgilendirme-ve-brosur-dagitimi-yapildi","status":"publish","type":"post","link":"https:\/\/www.egemtv.com\/?p=32508","title":{"rendered":"Mente\u015fe\u2019de t\u00fct\u00fcn denetimleri s\u00fcr\u00fcyor bilgilendirme ve bro\u015f\u00fcr da\u011f\u0131t\u0131m\u0131 yap\u0131ld\u0131"},"content":{"rendered":"<p>T\u00fct\u00fcn \u00fcr\u00fcnlerinin zararlar\u0131n\u0131n \u00f6nlenmesi amac\u0131yla y\u00fcr\u00fct\u00fclen \u00e7al\u0131\u015fmalar, 4207 say\u0131l\u0131 T\u00fct\u00fcn \u00dcr\u00fcnlerinin Zararlar\u0131n\u0131n \u00d6nlenmesi ve Kontrol\u00fc Hakk\u0131nda Kanun kapsam\u0131nda Mente\u015fe il\u00e7esinde aral\u0131ks\u0131z devam ediyor.<\/p>\n<p>Bu kapsamda, Mente\u015fe T\u00fct\u00fcn Denetim Ekipleri ile birlikte \u0130l\u00e7e Emniyet M\u00fcd\u00fcrl\u00fc\u011f\u00fc ekipleri, Ayd\u0131n kontrol noktas\u0131nda ortak bir denetim ger\u00e7ekle\u015ftirdi. Denetimde, vatanda\u015flar\u0131n pasif etkilenimini engellemek amac\u0131yla hususi ara\u00e7lar, taksiler ve toplu ta\u015f\u0131ma ara\u00e7lar\u0131 denetlendi.<\/p>\n<p>Ekipler, s\u00fcr\u00fcc\u00fclere ve yolculara t\u00fct\u00fcn ve t\u00fct\u00fcn \u00fcr\u00fcnlerinin kapal\u0131 alanlarda kullan\u0131lmas\u0131n\u0131n yasalara ayk\u0131r\u0131 oldu\u011funu hat\u0131rlatarak, bilgilendirme yapt\u0131. Denetim s\u0131ras\u0131nda bro\u015f\u00fcr da\u011f\u0131t\u0131m\u0131 da ger\u00e7ekle\u015ftirildi. Denetimlerin ilerleyen g\u00fcnlerde farkl\u0131 noktalarda da s\u00fcrd\u00fcr\u00fclece\u011fi bildirildi.<br \/><\/p>\n","protected":false},"excerpt":{"rendered":"<p>T\u00fct\u00fcn \u00fcr\u00fcnlerinin zararlar\u0131n\u0131n \u00f6nlenmesi amac\u0131yla y\u00fcr\u00fct\u00fclen \u00e7al\u0131\u015fmalar, 4207 say\u0131l\u0131 T\u00fct\u00fcn \u00dcr\u00fcnlerinin Zararlar\u0131n\u0131n \u00d6nlenmesi ve Kontrol\u00fc Hakk\u0131nda Kanun kapsam\u0131nda Mente\u015fe il\u00e7esinde aral\u0131ks\u0131z devam ediyor. Bu kapsamda, Mente\u015fe T\u00fct\u00fcn Denetim Ekipleri ile birlikte \u0130l\u00e7e Emniyet M\u00fcd\u00fcrl\u00fc\u011f\u00fc ekipleri, Ayd\u0131n kontrol noktas\u0131nda ortak bir denetim ger\u00e7ekle\u015ftirdi. Denetimde, vatanda\u015flar\u0131n pasif etkilenimini engellemek amac\u0131yla hususi ara\u00e7lar, taksiler ve toplu ta\u015f\u0131ma ara\u00e7lar\u0131&#8230;<\/p>\n","protected":false},"author":1,"featured_media":32509,"comment_status":"open","ping_status":"open","sticky":false,"template":"","format":"standard","meta":{"_crdt_document":"","footnotes":""},"categories":[1],"tags":[],"class_list":["post-32508","post","type-post","status-publish","format-standard","has-post-thumbnail","hentry","category-guncel"],"_links":{"self":[{"href":"https:\/\/www.egemtv.com\/index.php?rest_route=\/wp\/v2\/posts\/32508","targetHints":{"allow":["GET"]}}],"collection":[{"href":"https:\/\/www.egemtv.com\/index.php?rest_route=\/wp\/v2\/posts"}],"about":[{"href":"https:\/\/www.egemtv.com\/index.php?rest_route=\/wp\/v2\/types\/post"}],"author":[{"embeddable":true,"href":"https:\/\/www.egemtv.com\/index.php?rest_route=\/wp\/v2\/users\/1"}],"replies":[{"embeddable":true,"href":"https:\/\/www.egemtv.com\/index.php?rest_route=%2Fwp%2Fv2%2Fcomments&post=32508"}],"version-history":[{"count":1,"href":"https:\/\/www.egemtv.com\/index.php?rest_route=\/wp\/v2\/posts\/32508\/revisions"}],"predecessor-version":[{"id":32510,"href":"https:\/\/www.egemtv.com\/index.php?rest_route=\/wp\/v2\/posts\/32508\/revisions\/32510"}],"wp:featuredmedia":[{"embeddable":true,"href":"https:\/\/www.egemtv.com\/index.php?rest_route=\/wp\/v2\/media\/32509"}],"wp:attachment":[{"href":"https:\/\/www.egemtv.com\/index.php?rest_route=%2Fwp%2Fv2%2Fmedia&parent=32508"}],"wp:term":[{"taxonomy":"category","embeddable":true,"href":"https:\/\/www.egemtv.com\/index.php?rest_route=%2Fwp%2Fv2%2Fcategories&post=32508"},{"taxonomy":"post_tag","embeddable":true,"href":"https:\/\/www.egemtv.com\/index.php?rest_route=%2Fwp%2Fv2%2Ftags&post=32508"}],"curies":[{"name":"wp","href":"https:\/\/api.w.org\/{rel}","templated":true}]}}