{"id":32505,"date":"2025-05-30T17:56:50","date_gmt":"2025-05-30T14:56:50","guid":{"rendered":"https:\/\/www.egemtv.com\/?p=32505"},"modified":"2025-05-30T17:56:55","modified_gmt":"2025-05-30T14:56:55","slug":"pop-muzigin-onemli-ismi-keremcem-mskulu-ogrencilerle-bulustu","status":"publish","type":"post","link":"https:\/\/www.egemtv.com\/?p=32505","title":{"rendered":"Pop m\u00fczi\u011fin \u00f6nemli ismi Keremcem MSK\u00dc\u2019l\u00fc \u00f6\u011frencilerle bulu\u015ftu"},"content":{"rendered":"<p>Mu\u011fla S\u0131tk\u0131 Ko\u00e7man \u00dcniversitesi (MSK\u00dc) M\u00fczik Toplulu\u011funun organizasyonlu\u011funda, T\u00dcRK pop m\u00fczi\u011finin g\u00fc\u00e7l\u00fc sesi, yorumcu ve besteci, dizi film oyuncusu Keremcem D\u00fcr\u00fck \u00f6\u011frencilerle s\u00f6yle\u015fide bulu\u015ftu.<br \/>\n<br \/>MSK\u00dc Atat\u00fcrk K\u00fclt\u00fcr Merkezi\u2019nde m\u00fczik ve kariyer \u00fczerine s\u00f6yle\u015fi ger\u00e7ekle\u015ftiren sevilen sanat\u00e7\u0131 Keremcem, \u00f6\u011frencilere m\u00fczi\u011fin p\u00fcf noktas\u0131n\u0131 anlatt\u0131. Mu\u011fla\u2019n\u0131n kendisinde ayr\u0131 bir yeri oldu\u011funu vurgulayan Keremcem, \u00f6\u011frencilerin merak etti\u011fi sorular\u0131 da cevaplad\u0131.<br \/>\n<br \/>Konser vermek i\u00e7in geldi\u011fi Mu\u011fla\u2019da, Mu\u011fla S\u0131tk\u0131 Ko\u00e7man \u00dcniversitesi\u2019nde bulunman\u0131n \u00e7ok k\u0131ymetli oldu\u011funu s\u00f6yleyen sanat\u00e7\u0131, mutlulu\u011funu ifade etti. Samimi bir sohbet havas\u0131nda ge\u00e7en etkinlikte, MSK\u00dc\u2019l\u00fc \u00f6\u011frenciler Keremcem ile foto\u011fraf \u00e7ektirme f\u0131rsat\u0131 da buldu.<br \/><\/p>\n","protected":false},"excerpt":{"rendered":"<p>Mu\u011fla S\u0131tk\u0131 Ko\u00e7man \u00dcniversitesi (MSK\u00dc) M\u00fczik Toplulu\u011funun organizasyonlu\u011funda, T\u00dcRK pop m\u00fczi\u011finin g\u00fc\u00e7l\u00fc sesi, yorumcu ve besteci, dizi film oyuncusu Keremcem D\u00fcr\u00fck \u00f6\u011frencilerle s\u00f6yle\u015fide bulu\u015ftu. MSK\u00dc Atat\u00fcrk K\u00fclt\u00fcr Merkezi\u2019nde m\u00fczik ve kariyer \u00fczerine s\u00f6yle\u015fi ger\u00e7ekle\u015ftiren sevilen sanat\u00e7\u0131 Keremcem, \u00f6\u011frencilere m\u00fczi\u011fin p\u00fcf noktas\u0131n\u0131 anlatt\u0131. Mu\u011fla\u2019n\u0131n kendisinde ayr\u0131 bir yeri oldu\u011funu vurgulayan Keremcem, \u00f6\u011frencilerin merak etti\u011fi sorular\u0131 da&#8230;<\/p>\n","protected":false},"author":1,"featured_media":32506,"comment_status":"open","ping_status":"open","sticky":false,"template":"","format":"standard","meta":{"_crdt_document":"","footnotes":""},"categories":[1],"tags":[],"class_list":["post-32505","post","type-post","status-publish","format-standard","has-post-thumbnail","hentry","category-guncel"],"_links":{"self":[{"href":"https:\/\/www.egemtv.com\/index.php?rest_route=\/wp\/v2\/posts\/32505","targetHints":{"allow":["GET"]}}],"collection":[{"href":"https:\/\/www.egemtv.com\/index.php?rest_route=\/wp\/v2\/posts"}],"about":[{"href":"https:\/\/www.egemtv.com\/index.php?rest_route=\/wp\/v2\/types\/post"}],"author":[{"embeddable":true,"href":"https:\/\/www.egemtv.com\/index.php?rest_route=\/wp\/v2\/users\/1"}],"replies":[{"embeddable":true,"href":"https:\/\/www.egemtv.com\/index.php?rest_route=%2Fwp%2Fv2%2Fcomments&post=32505"}],"version-history":[{"count":1,"href":"https:\/\/www.egemtv.com\/index.php?rest_route=\/wp\/v2\/posts\/32505\/revisions"}],"predecessor-version":[{"id":32507,"href":"https:\/\/www.egemtv.com\/index.php?rest_route=\/wp\/v2\/posts\/32505\/revisions\/32507"}],"wp:featuredmedia":[{"embeddable":true,"href":"https:\/\/www.egemtv.com\/index.php?rest_route=\/wp\/v2\/media\/32506"}],"wp:attachment":[{"href":"https:\/\/www.egemtv.com\/index.php?rest_route=%2Fwp%2Fv2%2Fmedia&parent=32505"}],"wp:term":[{"taxonomy":"category","embeddable":true,"href":"https:\/\/www.egemtv.com\/index.php?rest_route=%2Fwp%2Fv2%2Fcategories&post=32505"},{"taxonomy":"post_tag","embeddable":true,"href":"https:\/\/www.egemtv.com\/index.php?rest_route=%2Fwp%2Fv2%2Ftags&post=32505"}],"curies":[{"name":"wp","href":"https:\/\/api.w.org\/{rel}","templated":true}]}}