{"id":32502,"date":"2025-05-30T17:19:55","date_gmt":"2025-05-30T14:19:55","guid":{"rendered":"https:\/\/www.egemtv.com\/?p=32502"},"modified":"2025-05-30T17:19:59","modified_gmt":"2025-05-30T14:19:59","slug":"aliagada-ogrencilerle-kiyi-temizligi-ve-geri-donusum-egitimi","status":"publish","type":"post","link":"https:\/\/www.egemtv.com\/?p=32502","title":{"rendered":"Alia\u011fa\u2019da \u00f6\u011frencilerle k\u0131y\u0131 temizli\u011fi ve geri d\u00f6n\u00fc\u015f\u00fcm e\u011fitimi"},"content":{"rendered":"<p>D\u00fcnya \u00c7evre G\u00fcn\u00fc kapsam\u0131nda \u00c7evre, \u015eehircilik ve \u0130klim De\u011fi\u015fikli\u011fi Bakanl\u0131\u011f\u0131 \u00f6nc\u00fcl\u00fc\u011f\u00fcnde Alia\u011fa\u2019da anlaml\u0131 bir etkinlik ger\u00e7ekle\u015ftirildi. &#8220;\u00c7evrene \u0130yi Bak: Plastik Kirlili\u011fi ile M\u00fccadele&#8221; temas\u0131yla d\u00fczenlenen etkinlikte, \u00f6\u011frenciler hem k\u0131y\u0131 temizli\u011fi yapt\u0131 hem de geri d\u00f6n\u00fc\u015f\u00fcm s\u00fcreci hakk\u0131nda yerinde e\u011fitim ald\u0131.<br \/>\n<br \/>\u0130zmir Valili\u011fi \u00c7evre, \u015eehircilik ve \u0130klim De\u011fi\u015fikli\u011fi \u0130l M\u00fcd\u00fcrl\u00fc\u011f\u00fc\u2019n\u00fcn organizasyonuyla, Alia\u011fa Belediyesi\u2019nin ev sahipli\u011finde ger\u00e7ekle\u015fen k\u0131y\u0131 temizli\u011fi etkinli\u011fi, Alia\u011fa \u0130l\u00e7e Milli E\u011fitim M\u00fcd\u00fcrl\u00fc\u011f\u00fc koordinesinde Alia\u011fa TOK\u0130 \u0130lkokulu \u00f6\u011frencilerinin kat\u0131l\u0131m\u0131yla yap\u0131ld\u0131. Alia\u011fa Belediyesi \u0130klim De\u011fi\u015fikli\u011fi ve S\u0131f\u0131r At\u0131k M\u00fcd\u00fcrl\u00fc\u011f\u00fc, Temizlik \u0130\u015fleri M\u00fcd\u00fcrl\u00fc\u011f\u00fc ve Ula\u015f\u0131m Hizmetleri M\u00fcd\u00fcrl\u00fc\u011f\u00fc de etkinli\u011fe destek verdi. \u00d6n Plajlar Mevkiinde ger\u00e7ekle\u015fen temizlik \u00e7al\u0131\u015fmas\u0131nda \u00f6\u011frenciler, do\u011faya zarar veren plastik ve di\u011fer at\u0131klar\u0131 toplayarak fark\u0131ndal\u0131k olu\u015fturdu. Etkinlik sonras\u0131nda \u00f6\u011frenciler, Viking Ka\u011f\u0131t Fabrikas\u0131\u2019n\u0131 ziyaret ederek geri d\u00f6n\u00fc\u015ft\u00fcr\u00fclm\u00fc\u015f k\u00e2\u011f\u0131tlar\u0131n \u00fcretim s\u00fcrecini yerinde g\u00f6zlemledi. Bu ziyaret sayesinde, \u00e7evre dostu \u00fcretimin \u00f6nemi \u00f6\u011frencilere uygulamal\u0131 \u015fekilde aktar\u0131ld\u0131.<\/p>\n<p>&#8220;Amac\u0131m\u0131z \u00c7evreye Duyarl\u0131 Nesiller Yeti\u015ftirmek&#8221;<br \/>\n<br \/>Etkinlikle ilgili a\u00e7\u0131klama yapan \u0130zmir \u00c7evre ve \u015eehircilik \u0130l M\u00fcd\u00fcrl\u00fc\u011f\u00fc \u00c7evre Y\u00f6netim ve Denetim \u015eube M\u00fcd\u00fcr\u00fc Emrah Muvaf\u0131k, &#8220;Bu y\u0131l \u00c7evre Haftas\u0131, 81 ilde e\u015f zamanl\u0131 etkinliklerle kutlan\u0131yor. Alia\u011fa Belediyesi\u2019nin katk\u0131lar\u0131yla, \u00f6\u011frencilerimizde \u00e7evre bilinci olu\u015fturmay\u0131 ve geri d\u00f6n\u00fc\u015f\u00fcm\u00fcn \u00f6nemini kavratmay\u0131 hedefliyoruz. Viking K\u00e2\u011f\u0131t Fabrikas\u0131 ziyaretimizle \u00f6\u011frencilerimize bu s\u00fcreci yerinde g\u00f6sterme imk\u00e2n\u0131 sunduk. Gelece\u011fimiz olan \u00e7ocuklar\u0131m\u0131z\u0131n \u00e7evreye duyarl\u0131 bireyler olarak yeti\u015fmeleri bizim \u00f6nceli\u011fimiz&#8221; dedi.<br \/><\/p>\n","protected":false},"excerpt":{"rendered":"<p>D\u00fcnya \u00c7evre G\u00fcn\u00fc kapsam\u0131nda \u00c7evre, \u015eehircilik ve \u0130klim De\u011fi\u015fikli\u011fi Bakanl\u0131\u011f\u0131 \u00f6nc\u00fcl\u00fc\u011f\u00fcnde Alia\u011fa\u2019da anlaml\u0131 bir etkinlik ger\u00e7ekle\u015ftirildi. &#8220;\u00c7evrene \u0130yi Bak: Plastik Kirlili\u011fi ile M\u00fccadele&#8221; temas\u0131yla d\u00fczenlenen etkinlikte, \u00f6\u011frenciler hem k\u0131y\u0131 temizli\u011fi yapt\u0131 hem de geri d\u00f6n\u00fc\u015f\u00fcm s\u00fcreci hakk\u0131nda yerinde e\u011fitim ald\u0131. \u0130zmir Valili\u011fi \u00c7evre, \u015eehircilik ve \u0130klim De\u011fi\u015fikli\u011fi \u0130l M\u00fcd\u00fcrl\u00fc\u011f\u00fc\u2019n\u00fcn organizasyonuyla, Alia\u011fa Belediyesi\u2019nin ev sahipli\u011finde ger\u00e7ekle\u015fen&#8230;<\/p>\n","protected":false},"author":1,"featured_media":32503,"comment_status":"open","ping_status":"open","sticky":false,"template":"","format":"standard","meta":{"_crdt_document":"","footnotes":""},"categories":[1],"tags":[],"class_list":["post-32502","post","type-post","status-publish","format-standard","has-post-thumbnail","hentry","category-guncel"],"_links":{"self":[{"href":"https:\/\/www.egemtv.com\/index.php?rest_route=\/wp\/v2\/posts\/32502","targetHints":{"allow":["GET"]}}],"collection":[{"href":"https:\/\/www.egemtv.com\/index.php?rest_route=\/wp\/v2\/posts"}],"about":[{"href":"https:\/\/www.egemtv.com\/index.php?rest_route=\/wp\/v2\/types\/post"}],"author":[{"embeddable":true,"href":"https:\/\/www.egemtv.com\/index.php?rest_route=\/wp\/v2\/users\/1"}],"replies":[{"embeddable":true,"href":"https:\/\/www.egemtv.com\/index.php?rest_route=%2Fwp%2Fv2%2Fcomments&post=32502"}],"version-history":[{"count":1,"href":"https:\/\/www.egemtv.com\/index.php?rest_route=\/wp\/v2\/posts\/32502\/revisions"}],"predecessor-version":[{"id":32504,"href":"https:\/\/www.egemtv.com\/index.php?rest_route=\/wp\/v2\/posts\/32502\/revisions\/32504"}],"wp:featuredmedia":[{"embeddable":true,"href":"https:\/\/www.egemtv.com\/index.php?rest_route=\/wp\/v2\/media\/32503"}],"wp:attachment":[{"href":"https:\/\/www.egemtv.com\/index.php?rest_route=%2Fwp%2Fv2%2Fmedia&parent=32502"}],"wp:term":[{"taxonomy":"category","embeddable":true,"href":"https:\/\/www.egemtv.com\/index.php?rest_route=%2Fwp%2Fv2%2Fcategories&post=32502"},{"taxonomy":"post_tag","embeddable":true,"href":"https:\/\/www.egemtv.com\/index.php?rest_route=%2Fwp%2Fv2%2Ftags&post=32502"}],"curies":[{"name":"wp","href":"https:\/\/api.w.org\/{rel}","templated":true}]}}