{"id":32499,"date":"2025-05-30T16:56:25","date_gmt":"2025-05-30T13:56:25","guid":{"rendered":"https:\/\/www.egemtv.com\/?p=32499"},"modified":"2025-05-30T16:56:29","modified_gmt":"2025-05-30T13:56:29","slug":"silahli-saldiri-olayinin-goruntuleri-ortaya-cikti","status":"publish","type":"post","link":"https:\/\/www.egemtv.com\/?p=32499","title":{"rendered":"Silahl\u0131 sald\u0131r\u0131 olay\u0131n\u0131n g\u00f6r\u00fcnt\u00fcleri ortaya \u00e7\u0131kt\u0131"},"content":{"rendered":"<p>Ayd\u0131n\u2019\u0131n K\u00f6\u015fk il\u00e7esinde ge\u00e7ti\u011fimiz 2 May\u0131s g\u00fcn\u00fc meydana gelen silahl\u0131 sald\u0131r\u0131 olay\u0131na ait g\u00fcvenlik kameras\u0131 g\u00f6r\u00fcnt\u00fcleri ortaya \u00e7\u0131kt\u0131.<\/p>\n<p>Olay, ge\u00e7ti\u011fimiz 2 May\u0131s gecesi Uzundere Mahallesi\u2019nde meydana geldi. Edinilen bilgiye g\u00f6re, aralar\u0131nda alacak meselesi bulunan Nail T. (37) ile Emin G. aras\u0131nda s\u00f6zl\u00fc tart\u0131\u015fma ba\u015flad\u0131. K\u0131sa s\u00fcrede b\u00fcy\u00fcyen tart\u0131\u015fma, kavgaya d\u00f6n\u00fc\u015f\u00fcrken, Nail T. belinden \u00e7\u0131kard\u0131\u011f\u0131 tabancayla Emin G.\u2019ye ate\u015f etmeye ba\u015flad\u0131. Silah seslerini duyan vatanda\u015flar durumu 112 Acil \u00c7a\u011fr\u0131 Merkezi\u2019ne bildirdi. \u0130hbar \u00fczerine b\u00f6lgeye jandarma ve sa\u011fl\u0131k ekipleri sevk edildi. K\u0131sa s\u00fcrede olay yerine gelen sa\u011fl\u0131k ekipler, baca\u011f\u0131ndan vurulan Emin G.\u2019yi, ilk m\u00fcdahalenin ard\u0131ndan hastaneye kald\u0131rd\u0131. Sald\u0131rgan Nail T. ise jandarma taraf\u0131ndan g\u00f6zalt\u0131na al\u0131nd\u0131. \u0130\u015flemlerinin ard\u0131ndan adliyeye sevk edilen Nail. T., \u00e7\u0131kar\u0131ld\u0131\u011f\u0131 mahkemece tutuklanarak cezaevine g\u00f6nderildi.<\/p>\n<p>Sald\u0131r\u0131 an\u0131 g\u00f6r\u00fcnt\u00fcleri ortaya \u00e7\u0131kt\u0131<br \/>\n<br \/>Ya\u015fanan olay\u0131n ard\u0131ndan sald\u0131r\u0131 an\u0131na ait g\u00fcvenlik kameras\u0131 g\u00f6r\u00fcnt\u00fcleri ortaya \u00e7\u0131kt\u0131. Sald\u0131r\u0131 an\u0131n\u0131n anbean kaydedildi\u011fi g\u00f6r\u00fcnt\u00fclerde Nail T.\u2019nin, Emin G.\u2019ye defalarca ate\u015f etti\u011fi ve Emin G.\u2019nin ka\u00e7maya \u00e7al\u0131\u015ft\u0131\u011f\u0131 yer ald\u0131. Ayr\u0131ca o esnada b\u00f6lgedeki ba\u015fka bir vatanda\u015f\u0131n Nail T.\u2019yi durdurmaya \u00e7al\u0131\u015fmas\u0131, zorla aya\u011fa kalkan Emin G.\u2019nin ka\u00e7mas\u0131 da g\u00f6r\u00fcnt\u00fclerde yer ald\u0131.<br \/><\/p>\n","protected":false},"excerpt":{"rendered":"<p>Ayd\u0131n\u2019\u0131n K\u00f6\u015fk il\u00e7esinde ge\u00e7ti\u011fimiz 2 May\u0131s g\u00fcn\u00fc meydana gelen silahl\u0131 sald\u0131r\u0131 olay\u0131na ait g\u00fcvenlik kameras\u0131 g\u00f6r\u00fcnt\u00fcleri ortaya \u00e7\u0131kt\u0131. Olay, ge\u00e7ti\u011fimiz 2 May\u0131s gecesi Uzundere Mahallesi\u2019nde meydana geldi. Edinilen bilgiye g\u00f6re, aralar\u0131nda alacak meselesi bulunan Nail T. (37) ile Emin G. aras\u0131nda s\u00f6zl\u00fc tart\u0131\u015fma ba\u015flad\u0131. K\u0131sa s\u00fcrede b\u00fcy\u00fcyen tart\u0131\u015fma, kavgaya d\u00f6n\u00fc\u015f\u00fcrken, Nail T. belinden \u00e7\u0131kard\u0131\u011f\u0131 tabancayla&#8230;<\/p>\n","protected":false},"author":1,"featured_media":32500,"comment_status":"open","ping_status":"open","sticky":false,"template":"","format":"standard","meta":{"_crdt_document":"","footnotes":""},"categories":[5],"tags":[],"class_list":["post-32499","post","type-post","status-publish","format-standard","has-post-thumbnail","hentry","category-asayis"],"_links":{"self":[{"href":"https:\/\/www.egemtv.com\/index.php?rest_route=\/wp\/v2\/posts\/32499","targetHints":{"allow":["GET"]}}],"collection":[{"href":"https:\/\/www.egemtv.com\/index.php?rest_route=\/wp\/v2\/posts"}],"about":[{"href":"https:\/\/www.egemtv.com\/index.php?rest_route=\/wp\/v2\/types\/post"}],"author":[{"embeddable":true,"href":"https:\/\/www.egemtv.com\/index.php?rest_route=\/wp\/v2\/users\/1"}],"replies":[{"embeddable":true,"href":"https:\/\/www.egemtv.com\/index.php?rest_route=%2Fwp%2Fv2%2Fcomments&post=32499"}],"version-history":[{"count":1,"href":"https:\/\/www.egemtv.com\/index.php?rest_route=\/wp\/v2\/posts\/32499\/revisions"}],"predecessor-version":[{"id":32501,"href":"https:\/\/www.egemtv.com\/index.php?rest_route=\/wp\/v2\/posts\/32499\/revisions\/32501"}],"wp:featuredmedia":[{"embeddable":true,"href":"https:\/\/www.egemtv.com\/index.php?rest_route=\/wp\/v2\/media\/32500"}],"wp:attachment":[{"href":"https:\/\/www.egemtv.com\/index.php?rest_route=%2Fwp%2Fv2%2Fmedia&parent=32499"}],"wp:term":[{"taxonomy":"category","embeddable":true,"href":"https:\/\/www.egemtv.com\/index.php?rest_route=%2Fwp%2Fv2%2Fcategories&post=32499"},{"taxonomy":"post_tag","embeddable":true,"href":"https:\/\/www.egemtv.com\/index.php?rest_route=%2Fwp%2Fv2%2Ftags&post=32499"}],"curies":[{"name":"wp","href":"https:\/\/api.w.org\/{rel}","templated":true}]}}