{"id":32496,"date":"2025-05-30T16:39:53","date_gmt":"2025-05-30T13:39:53","guid":{"rendered":"https:\/\/www.egemtv.com\/?p=32496"},"modified":"2025-05-30T16:39:58","modified_gmt":"2025-05-30T13:39:58","slug":"muglada-trafik-kazasi-1-olu-3-yarali","status":"publish","type":"post","link":"https:\/\/www.egemtv.com\/?p=32496","title":{"rendered":"Mu\u011fla\u2019da trafik kazas\u0131: 1 \u00f6l\u00fc, 3 yaral\u0131"},"content":{"rendered":"<p>Mu\u011fla-Ayd\u0131n Karayolu \u00fczerinde meydana gelen trafik kazas\u0131nda ara\u00e7 trafik levhas\u0131 \u0131\u015f\u0131klar\u0131n\u0131n bulundu\u011fu dire\u011fi devirerek havada as\u0131l\u0131 kalan ara\u00e7 ikiye b\u00f6l\u00fcnd\u00fc.<\/p>\n<p>Kaza Mu\u011fla-Ayd\u0131n karayolu Salihpa\u015falar mevkiinde meydana geldi. Edinilen bilgiye g\u00f6re, Mente\u015fe istikametinden Yata\u011fan\u2019a do\u011fru hareket halinde olan Mehmet G\u00f6khan S\u00f6y\u00fc y\u00f6netimindeki 34 KEC 894 plakal\u0131 ticari ara\u00e7 s\u00fcr\u00fcc\u00fcs\u00fcn\u00fcn direksiyon hakimiyetini kaybederek trafik \u0131\u015f\u0131k levhas\u0131n\u0131n bulundu\u011fu dire\u011fe \u00e7arpt\u0131. \u00c7arpman\u0131n etkisi ile ara\u00e7 adeta ikiye b\u00f6l\u00fcn\u00fcp direkte as\u0131l\u0131 halde kald\u0131. Kazada yaralanan A.T., H.A. ve A.G. ambulanslarla hastaneye kald\u0131r\u0131ld\u0131. Ara\u00e7 i\u00e7erisinde s\u0131k\u0131\u015fan s\u00fcr\u00fcc\u00fc S\u00f6y\u00fc, itfaiye ekipleri taraf\u0131ndan bulundu\u011fu yerden \u00e7\u0131kar\u0131l\u0131rken olay yerinde hayat\u0131n\u0131 kaybetti\u011fi belirlendi. Kaza nedeniyle karayolunda ula\u015f\u0131m tek \u015feritten sa\u011fland\u0131.<\/p>\n<p>Kazayla ilgili soru\u015fturma s\u00fcr\u00fcyor.<br \/><\/p>\n","protected":false},"excerpt":{"rendered":"<p>Mu\u011fla-Ayd\u0131n Karayolu \u00fczerinde meydana gelen trafik kazas\u0131nda ara\u00e7 trafik levhas\u0131 \u0131\u015f\u0131klar\u0131n\u0131n bulundu\u011fu dire\u011fi devirerek havada as\u0131l\u0131 kalan ara\u00e7 ikiye b\u00f6l\u00fcnd\u00fc. Kaza Mu\u011fla-Ayd\u0131n karayolu Salihpa\u015falar mevkiinde meydana geldi. Edinilen bilgiye g\u00f6re, Mente\u015fe istikametinden Yata\u011fan\u2019a do\u011fru hareket halinde olan Mehmet G\u00f6khan S\u00f6y\u00fc y\u00f6netimindeki 34 KEC 894 plakal\u0131 ticari ara\u00e7 s\u00fcr\u00fcc\u00fcs\u00fcn\u00fcn direksiyon hakimiyetini kaybederek trafik \u0131\u015f\u0131k levhas\u0131n\u0131n bulundu\u011fu&#8230;<\/p>\n","protected":false},"author":1,"featured_media":32497,"comment_status":"open","ping_status":"open","sticky":false,"template":"","format":"standard","meta":{"_crdt_document":"","footnotes":""},"categories":[5],"tags":[],"class_list":["post-32496","post","type-post","status-publish","format-standard","has-post-thumbnail","hentry","category-asayis"],"_links":{"self":[{"href":"https:\/\/www.egemtv.com\/index.php?rest_route=\/wp\/v2\/posts\/32496","targetHints":{"allow":["GET"]}}],"collection":[{"href":"https:\/\/www.egemtv.com\/index.php?rest_route=\/wp\/v2\/posts"}],"about":[{"href":"https:\/\/www.egemtv.com\/index.php?rest_route=\/wp\/v2\/types\/post"}],"author":[{"embeddable":true,"href":"https:\/\/www.egemtv.com\/index.php?rest_route=\/wp\/v2\/users\/1"}],"replies":[{"embeddable":true,"href":"https:\/\/www.egemtv.com\/index.php?rest_route=%2Fwp%2Fv2%2Fcomments&post=32496"}],"version-history":[{"count":1,"href":"https:\/\/www.egemtv.com\/index.php?rest_route=\/wp\/v2\/posts\/32496\/revisions"}],"predecessor-version":[{"id":32498,"href":"https:\/\/www.egemtv.com\/index.php?rest_route=\/wp\/v2\/posts\/32496\/revisions\/32498"}],"wp:featuredmedia":[{"embeddable":true,"href":"https:\/\/www.egemtv.com\/index.php?rest_route=\/wp\/v2\/media\/32497"}],"wp:attachment":[{"href":"https:\/\/www.egemtv.com\/index.php?rest_route=%2Fwp%2Fv2%2Fmedia&parent=32496"}],"wp:term":[{"taxonomy":"category","embeddable":true,"href":"https:\/\/www.egemtv.com\/index.php?rest_route=%2Fwp%2Fv2%2Fcategories&post=32496"},{"taxonomy":"post_tag","embeddable":true,"href":"https:\/\/www.egemtv.com\/index.php?rest_route=%2Fwp%2Fv2%2Ftags&post=32496"}],"curies":[{"name":"wp","href":"https:\/\/api.w.org\/{rel}","templated":true}]}}