{"id":32493,"date":"2025-05-30T16:39:47","date_gmt":"2025-05-30T13:39:47","guid":{"rendered":"https:\/\/www.egemtv.com\/?p=32493"},"modified":"2025-05-30T16:39:53","modified_gmt":"2025-05-30T13:39:53","slug":"protokolun-de-katilimiyla-tavsanlida-anlamli-paylasma-etkinligi","status":"publish","type":"post","link":"https:\/\/www.egemtv.com\/?p=32493","title":{"rendered":"Protokol\u00fcn de kat\u0131l\u0131m\u0131yla Tav\u015fanl\u0131\u2019da anlaml\u0131 payla\u015fma etkinli\u011fi"},"content":{"rendered":"<p>K\u00fctahya\u2019n\u0131n Tav\u015fanl\u0131 il\u00e7esine ba\u011fl\u0131 \u00c7ardakl\u0131 \u0130lk ve Ortaokulu\u2019nda d\u00fczenlenen birlik beraberlik etkinli\u011fi, mahalle sakinlerinin g\u00fc\u00e7l\u00fc dayan\u0131\u015fmas\u0131na sahne oldu. Tamamen imece usul\u00fcyle hayata ge\u00e7irilen organizasyon, okulun yarar\u0131na anlaml\u0131 bir destek olu\u015fturdu.<br \/>\n<br \/>\u00c7ardakl\u0131 Mahallesi\u2019nde Okul Aile Birli\u011fi, \u00c7ardakl\u0131 Muhtarl\u0131\u011f\u0131 ve mahalle sakinlerinin ortakla\u015fa d\u00fczenledi\u011fi \u015fenlik, b\u00fcy\u00fck bir kat\u0131l\u0131mla ger\u00e7ekle\u015fti. Etkinlikte, mahalle han\u0131mlar\u0131n\u0131n \u00f6zenle haz\u0131rlad\u0131\u011f\u0131 y\u00f6resel lezzetler, ziyaret\u00e7ilerin be\u011fenisine sunuldu. \u00d6zellikle kurulan g\u00f6zleme ve sa\u00e7 b\u00f6re\u011fi stantlar\u0131, etkinli\u011fe kat\u0131lanlardan b\u00fcy\u00fck ilgi g\u00f6rd\u00fc. Mahallenin tecr\u00fcbeli kad\u0131nlar\u0131, kendi elleriyle haz\u0131rlad\u0131klar\u0131 g\u00f6zlemeleri misafirlere ikram ederek, okula katk\u0131da bulundular.<br \/>\n<br \/>Birlik beraberlik etkinli\u011fine Tav\u015fanl\u0131 Belediye Ba\u015fkan yard\u0131mc\u0131lar\u0131 Aziz Solmaz ve Mehmet Ali Akar\u2019\u0131n yan\u0131 s\u0131ra, AK Parti \u0130l\u00e7e Ba\u015fkan\u0131 Himmet \u00d6zer de i\u015ftirak etti. \u0130l\u00e7e Milli E\u011fitim M\u00fcd\u00fcr\u00fc Ra\u015fit K\u00fc\u00e7\u00fckka\u011fn\u0131c\u0131, \u015fube m\u00fcd\u00fcrleri ve okul m\u00fcd\u00fcrlerinin de bulundu\u011fu organizasyona, \u00c7ardakl\u0131 Mahallesi sakinleri yo\u011fun kat\u0131l\u0131m g\u00f6sterdi. Protokol \u00fcyeleri, imece usul\u00fcyle ger\u00e7ekle\u015ftirilen etkinli\u011fin \u00f6nemine vurgu yaparak, bu t\u00fcr dayan\u0131\u015fma \u00f6rneklerinin e\u011fitime olan katk\u0131s\u0131n\u0131 dile getirdiler.<br \/>\n<br \/>\u00c7ardakl\u0131 \u0130lk ve Ortaokulu M\u00fcd\u00fcr\u00fc Okay Torun, &#8220;Mahallemizin t\u00fcm sakinlerinin deste\u011fiyle ger\u00e7ekle\u015ftirdi\u011fimiz bu etkinlik, okulumuza \u00f6nemli bir katk\u0131 sa\u011flayacak. Bu g\u00fczel dayan\u0131\u015fma ruhuyla bir araya gelen herkese te\u015fekk\u00fcr ediyorum&#8221; \u015feklinde konu\u015ftu.<br \/>\n<br \/>Payla\u015fma etkinli\u011fi kapsam\u0131nda d\u00fczenlenen \u00e7ekili\u015f, kat\u0131l\u0131mc\u0131lar aras\u0131nda heyecanl\u0131 anlar\u0131n ya\u015fanmas\u0131na neden oldu. \u00c7e\u015fitli hediyelerin verildi\u011fi \u00e7ekili\u015fte \u015fansl\u0131 isimler belirlenirken, etkinlikten elde edilen gelir okulun ihtiya\u00e7lar\u0131 i\u00e7in kullan\u0131lacak. Etkinli\u011fin sonunda konu\u015fan yetkililer, Tav\u015fanl\u0131\u2019da e\u011fitime destek veren t\u00fcm payda\u015flara te\u015fekk\u00fcrlerini iletti. \u00c7ardakl\u0131 Mahallesi\u2019nde hayata ge\u00e7irilen bu anlaml\u0131 destek etkinli\u011fi, e\u011fitime katk\u0131da bulunmak isteyen vatanda\u015flar\u0131n bir araya gelmesiyle \u00f6rnek bir i\u015f birli\u011fi sergiledi. Toplanan katk\u0131n\u0131n, \u00f6\u011frencilerin e\u011fitim hayat\u0131na \u00f6nemli destekler sunmas\u0131 bekleniyor.<br \/><\/p>\n","protected":false},"excerpt":{"rendered":"<p>K\u00fctahya\u2019n\u0131n Tav\u015fanl\u0131 il\u00e7esine ba\u011fl\u0131 \u00c7ardakl\u0131 \u0130lk ve Ortaokulu\u2019nda d\u00fczenlenen birlik beraberlik etkinli\u011fi, mahalle sakinlerinin g\u00fc\u00e7l\u00fc dayan\u0131\u015fmas\u0131na sahne oldu. Tamamen imece usul\u00fcyle hayata ge\u00e7irilen organizasyon, okulun yarar\u0131na anlaml\u0131 bir destek olu\u015fturdu. \u00c7ardakl\u0131 Mahallesi\u2019nde Okul Aile Birli\u011fi, \u00c7ardakl\u0131 Muhtarl\u0131\u011f\u0131 ve mahalle sakinlerinin ortakla\u015fa d\u00fczenledi\u011fi \u015fenlik, b\u00fcy\u00fck bir kat\u0131l\u0131mla ger\u00e7ekle\u015fti. Etkinlikte, mahalle han\u0131mlar\u0131n\u0131n \u00f6zenle haz\u0131rlad\u0131\u011f\u0131 y\u00f6resel lezzetler, ziyaret\u00e7ilerin&#8230;<\/p>\n","protected":false},"author":1,"featured_media":32494,"comment_status":"open","ping_status":"open","sticky":false,"template":"","format":"standard","meta":{"_crdt_document":"","footnotes":""},"categories":[1],"tags":[],"class_list":["post-32493","post","type-post","status-publish","format-standard","has-post-thumbnail","hentry","category-guncel"],"_links":{"self":[{"href":"https:\/\/www.egemtv.com\/index.php?rest_route=\/wp\/v2\/posts\/32493","targetHints":{"allow":["GET"]}}],"collection":[{"href":"https:\/\/www.egemtv.com\/index.php?rest_route=\/wp\/v2\/posts"}],"about":[{"href":"https:\/\/www.egemtv.com\/index.php?rest_route=\/wp\/v2\/types\/post"}],"author":[{"embeddable":true,"href":"https:\/\/www.egemtv.com\/index.php?rest_route=\/wp\/v2\/users\/1"}],"replies":[{"embeddable":true,"href":"https:\/\/www.egemtv.com\/index.php?rest_route=%2Fwp%2Fv2%2Fcomments&post=32493"}],"version-history":[{"count":1,"href":"https:\/\/www.egemtv.com\/index.php?rest_route=\/wp\/v2\/posts\/32493\/revisions"}],"predecessor-version":[{"id":32495,"href":"https:\/\/www.egemtv.com\/index.php?rest_route=\/wp\/v2\/posts\/32493\/revisions\/32495"}],"wp:featuredmedia":[{"embeddable":true,"href":"https:\/\/www.egemtv.com\/index.php?rest_route=\/wp\/v2\/media\/32494"}],"wp:attachment":[{"href":"https:\/\/www.egemtv.com\/index.php?rest_route=%2Fwp%2Fv2%2Fmedia&parent=32493"}],"wp:term":[{"taxonomy":"category","embeddable":true,"href":"https:\/\/www.egemtv.com\/index.php?rest_route=%2Fwp%2Fv2%2Fcategories&post=32493"},{"taxonomy":"post_tag","embeddable":true,"href":"https:\/\/www.egemtv.com\/index.php?rest_route=%2Fwp%2Fv2%2Ftags&post=32493"}],"curies":[{"name":"wp","href":"https:\/\/api.w.org\/{rel}","templated":true}]}}