{"id":32490,"date":"2025-05-30T16:17:31","date_gmt":"2025-05-30T13:17:31","guid":{"rendered":"https:\/\/www.egemtv.com\/?p=32490"},"modified":"2025-05-30T16:17:33","modified_gmt":"2025-05-30T13:17:33","slug":"meteoroloji-uyardi-aydinda-gok-gurultulu-kuvvetli-saganak-yagis-bekleniyor","status":"publish","type":"post","link":"https:\/\/www.egemtv.com\/?p=32490","title":{"rendered":"Meteoroloji Uyard\u0131: Ayd\u0131n\u2019da g\u00f6k g\u00fcr\u00fclt\u00fcl\u00fc kuvvetli sa\u011fanak ya\u011f\u0131\u015f bekleniyor"},"content":{"rendered":"<p>Meteoroloji Genel M\u00fcd\u00fcrl\u00fc\u011f\u00fc 2. B\u00f6lge M\u00fcd\u00fcrl\u00fc\u011f\u00fc \u0130zmir B\u00f6lge Tahmin ve Erken Uyar\u0131 Merkezi, Ayd\u0131n ili geneline meteorolojik uyar\u0131da bulundu. Yap\u0131lan son de\u011ferlendirmelere g\u00f6re, Cumartesi g\u00fcn\u00fc Ayd\u0131n genelinde sa\u011fanak ve g\u00f6k g\u00fcr\u00fclt\u00fcl\u00fc sa\u011fanak ya\u011f\u0131\u015flar\u0131n yerel olarak kuvvetli olmas\u0131 bekleniyor.<\/p>\n<p>Meteoroloji Genel M\u00fcd\u00fcrl\u00fc\u011f\u00fc 2. B\u00f6lge M\u00fcd\u00fcrl\u00fc\u011f\u00fc \u0130zmir B\u00f6lge Tahmin ve Erken Uyar\u0131 Merkezi\u2019nden yap\u0131lan a\u00e7\u0131klamada, &#8220;Yap\u0131lan son de\u011ferlendirmelere g\u00f6re; yar\u0131n (Cumartesi) b\u00f6lgemizde g\u00f6r\u00fclecek sa\u011fanak ve g\u00f6k g\u00fcr\u00fclt\u00fcl\u00fc sa\u011fanak ya\u011f\u0131\u015flar\u0131n Ayd\u0131n\u2019\u0131n il genelinde (Bozdo\u011fan, Buharkent, \u00c7ine, Didim, Efeler, Germencik, \u0130ncirliova, Karacasu, Karpuzlu, Ko\u00e7arl\u0131, K\u00f6\u015fk, Ku\u015fadas\u0131, Kuyucak, Nazilli, S\u00f6ke, Sultanhisar, Yenipazar) yerel kuvvetli olmas\u0131 beklendi\u011finden ani sel, su bask\u0131n\u0131, y\u0131ld\u0131r\u0131m, yerel dolu ya\u011f\u0131\u015f\u0131 ve ya\u011f\u0131\u015f an\u0131nda kuvvetli r\u00fczgar gibi olumsuzluklara kar\u015f\u0131 dikkatli ve tedbirli olunmas\u0131 gerekmektedir&#8221; ifadelerine yer verildi.<br \/><\/p>\n","protected":false},"excerpt":{"rendered":"<p>Meteoroloji Genel M\u00fcd\u00fcrl\u00fc\u011f\u00fc 2. B\u00f6lge M\u00fcd\u00fcrl\u00fc\u011f\u00fc \u0130zmir B\u00f6lge Tahmin ve Erken Uyar\u0131 Merkezi, Ayd\u0131n ili geneline meteorolojik uyar\u0131da bulundu. Yap\u0131lan son de\u011ferlendirmelere g\u00f6re, Cumartesi g\u00fcn\u00fc Ayd\u0131n genelinde sa\u011fanak ve g\u00f6k g\u00fcr\u00fclt\u00fcl\u00fc sa\u011fanak ya\u011f\u0131\u015flar\u0131n yerel olarak kuvvetli olmas\u0131 bekleniyor. Meteoroloji Genel M\u00fcd\u00fcrl\u00fc\u011f\u00fc 2. B\u00f6lge M\u00fcd\u00fcrl\u00fc\u011f\u00fc \u0130zmir B\u00f6lge Tahmin ve Erken Uyar\u0131 Merkezi\u2019nden yap\u0131lan a\u00e7\u0131klamada, &#8220;Yap\u0131lan son&#8230;<\/p>\n","protected":false},"author":1,"featured_media":32491,"comment_status":"open","ping_status":"open","sticky":false,"template":"","format":"standard","meta":{"_crdt_document":"","footnotes":""},"categories":[1],"tags":[],"class_list":["post-32490","post","type-post","status-publish","format-standard","has-post-thumbnail","hentry","category-guncel"],"_links":{"self":[{"href":"https:\/\/www.egemtv.com\/index.php?rest_route=\/wp\/v2\/posts\/32490","targetHints":{"allow":["GET"]}}],"collection":[{"href":"https:\/\/www.egemtv.com\/index.php?rest_route=\/wp\/v2\/posts"}],"about":[{"href":"https:\/\/www.egemtv.com\/index.php?rest_route=\/wp\/v2\/types\/post"}],"author":[{"embeddable":true,"href":"https:\/\/www.egemtv.com\/index.php?rest_route=\/wp\/v2\/users\/1"}],"replies":[{"embeddable":true,"href":"https:\/\/www.egemtv.com\/index.php?rest_route=%2Fwp%2Fv2%2Fcomments&post=32490"}],"version-history":[{"count":1,"href":"https:\/\/www.egemtv.com\/index.php?rest_route=\/wp\/v2\/posts\/32490\/revisions"}],"predecessor-version":[{"id":32492,"href":"https:\/\/www.egemtv.com\/index.php?rest_route=\/wp\/v2\/posts\/32490\/revisions\/32492"}],"wp:featuredmedia":[{"embeddable":true,"href":"https:\/\/www.egemtv.com\/index.php?rest_route=\/wp\/v2\/media\/32491"}],"wp:attachment":[{"href":"https:\/\/www.egemtv.com\/index.php?rest_route=%2Fwp%2Fv2%2Fmedia&parent=32490"}],"wp:term":[{"taxonomy":"category","embeddable":true,"href":"https:\/\/www.egemtv.com\/index.php?rest_route=%2Fwp%2Fv2%2Fcategories&post=32490"},{"taxonomy":"post_tag","embeddable":true,"href":"https:\/\/www.egemtv.com\/index.php?rest_route=%2Fwp%2Fv2%2Ftags&post=32490"}],"curies":[{"name":"wp","href":"https:\/\/api.w.org\/{rel}","templated":true}]}}