{"id":32487,"date":"2025-05-30T16:17:25","date_gmt":"2025-05-30T13:17:25","guid":{"rendered":"https:\/\/www.egemtv.com\/?p=32487"},"modified":"2025-05-30T16:17:31","modified_gmt":"2025-05-30T13:17:31","slug":"salihlideki-toplantida-uzumdeki-kalinti-masaya-yatirildi","status":"publish","type":"post","link":"https:\/\/www.egemtv.com\/?p=32487","title":{"rendered":"Salihli\u2019deki toplant\u0131da \u2018\u00dcz\u00fcmdeki kal\u0131nt\u0131\u2019 masaya yat\u0131r\u0131ld\u0131"},"content":{"rendered":"<p>Manisa\u2019n\u0131n Salihli il\u00e7esinde d\u00fczenlenen bilgilendirme toplant\u0131s\u0131nda Ege B\u00f6lgesi\u2019nin en \u00f6nemli ihracat \u00fcr\u00fcn\u00fc olan Sultani \u00c7ekirdeksiz Kuru \u00dcz\u00fcmdeki kal\u0131nt\u0131 sorunu ele al\u0131nd\u0131.<br \/>\n<br \/>TAR\u0130\u015e \u00dcz\u00fcm Birli\u011fi taraf\u0131ndan d\u00fczenlenen bilgilendirme toplant\u0131s\u0131 Borsa \u0130stanbul Mesleki ve Teknik Anadolu Lisesi Toplant\u0131 Salonunda ger\u00e7ekle\u015ftirildi. Salihli Ticaret Borsas\u0131\u2019n\u0131n ev sahipli\u011findeki toplant\u0131da, \u00e7ekirdeksiz kurutmal\u0131k \u00fcz\u00fcm \u00fcretimi, pestisit kal\u0131nt\u0131lar\u0131n\u0131n ihracata etkileri, kar\u015f\u0131la\u015f\u0131lan sorunlar ve \u00e7\u00f6z\u00fcm yollar\u0131 \u00fczerine de\u011ferlendirmelerde bulunuldu.<br \/>\n<br \/>Kat\u0131l\u0131mc\u0131 \u00fcreticilerle, sekt\u00f6r temsilcileri aras\u0131nda kar\u015f\u0131l\u0131kl\u0131 g\u00f6r\u00fc\u015f al\u0131\u015fveri\u015fi yap\u0131l\u0131rken, \u00fcreticilerden gelen sorular uzmanlar taraf\u0131ndan yan\u0131tland\u0131.<br \/>\n<br \/>Toplant\u0131, \u00fcz\u00fcm \u00fcretiminde kaliteyi art\u0131rmak ve ihracat s\u00fcrecinde ya\u015fanan sorunlar\u0131 en aza indirmek ad\u0131na \u00f6nemli bir ad\u0131m olarak de\u011ferlendirildi.<br \/>\n<br \/>Toplant\u0131ya TAR\u0130\u015e \u00dcz\u00fcm Birli\u011fi Ba\u015fkan\u0131 Ferhat \u015een, Manisa Tar\u0131m ve Orman \u0130l M\u00fcd\u00fcr Yard\u0131mc\u0131s\u0131 Serdar Mersinli, Salihli Ziraat Odas\u0131 Ba\u015fkan\u0131 Cem Yalva\u00e7, Salihli \u0130l\u00e7e Tar\u0131m ve Orman M\u00fcd\u00fcr\u00fc Ali Demir, Salihli Ticaret Borsas\u0131 Ba\u015fkan\u0131 Yeti\u015f Aksoy, Ege Kuru Meyve ve Mamulleri \u0130hracat\u00e7\u0131lar\u0131 Birli\u011fi Ba\u015fkan Yard\u0131mc\u0131s\u0131 \u015eemsettin \u00d6zg\u00fcr, Ege \u00dcniversitesi Bah\u00e7e Bitkileri B\u00f6l\u00fcm\u00fc \u00d6\u011fretim \u00dcyesi Prof. Dr. Ahmet Alt\u0131ndi\u015fli, teknik personeller ile \u00fcreticiler kat\u0131ld\u0131.<br \/><\/p>\n","protected":false},"excerpt":{"rendered":"<p>Manisa\u2019n\u0131n Salihli il\u00e7esinde d\u00fczenlenen bilgilendirme toplant\u0131s\u0131nda Ege B\u00f6lgesi\u2019nin en \u00f6nemli ihracat \u00fcr\u00fcn\u00fc olan Sultani \u00c7ekirdeksiz Kuru \u00dcz\u00fcmdeki kal\u0131nt\u0131 sorunu ele al\u0131nd\u0131. TAR\u0130\u015e \u00dcz\u00fcm Birli\u011fi taraf\u0131ndan d\u00fczenlenen bilgilendirme toplant\u0131s\u0131 Borsa \u0130stanbul Mesleki ve Teknik Anadolu Lisesi Toplant\u0131 Salonunda ger\u00e7ekle\u015ftirildi. Salihli Ticaret Borsas\u0131\u2019n\u0131n ev sahipli\u011findeki toplant\u0131da, \u00e7ekirdeksiz kurutmal\u0131k \u00fcz\u00fcm \u00fcretimi, pestisit kal\u0131nt\u0131lar\u0131n\u0131n ihracata etkileri, kar\u015f\u0131la\u015f\u0131lan sorunlar ve&#8230;<\/p>\n","protected":false},"author":1,"featured_media":32488,"comment_status":"open","ping_status":"open","sticky":false,"template":"","format":"standard","meta":{"_crdt_document":"","footnotes":""},"categories":[125],"tags":[],"class_list":["post-32487","post","type-post","status-publish","format-standard","has-post-thumbnail","hentry","category-ekonomi"],"_links":{"self":[{"href":"https:\/\/www.egemtv.com\/index.php?rest_route=\/wp\/v2\/posts\/32487","targetHints":{"allow":["GET"]}}],"collection":[{"href":"https:\/\/www.egemtv.com\/index.php?rest_route=\/wp\/v2\/posts"}],"about":[{"href":"https:\/\/www.egemtv.com\/index.php?rest_route=\/wp\/v2\/types\/post"}],"author":[{"embeddable":true,"href":"https:\/\/www.egemtv.com\/index.php?rest_route=\/wp\/v2\/users\/1"}],"replies":[{"embeddable":true,"href":"https:\/\/www.egemtv.com\/index.php?rest_route=%2Fwp%2Fv2%2Fcomments&post=32487"}],"version-history":[{"count":1,"href":"https:\/\/www.egemtv.com\/index.php?rest_route=\/wp\/v2\/posts\/32487\/revisions"}],"predecessor-version":[{"id":32489,"href":"https:\/\/www.egemtv.com\/index.php?rest_route=\/wp\/v2\/posts\/32487\/revisions\/32489"}],"wp:featuredmedia":[{"embeddable":true,"href":"https:\/\/www.egemtv.com\/index.php?rest_route=\/wp\/v2\/media\/32488"}],"wp:attachment":[{"href":"https:\/\/www.egemtv.com\/index.php?rest_route=%2Fwp%2Fv2%2Fmedia&parent=32487"}],"wp:term":[{"taxonomy":"category","embeddable":true,"href":"https:\/\/www.egemtv.com\/index.php?rest_route=%2Fwp%2Fv2%2Fcategories&post=32487"},{"taxonomy":"post_tag","embeddable":true,"href":"https:\/\/www.egemtv.com\/index.php?rest_route=%2Fwp%2Fv2%2Ftags&post=32487"}],"curies":[{"name":"wp","href":"https:\/\/api.w.org\/{rel}","templated":true}]}}