{"id":32484,"date":"2025-05-30T15:56:36","date_gmt":"2025-05-30T12:56:36","guid":{"rendered":"https:\/\/www.egemtv.com\/?p=32484"},"modified":"2025-05-30T15:56:42","modified_gmt":"2025-05-30T12:56:42","slug":"turkiye-sampiyonu-ruzgar-avrupa-yolcusu","status":"publish","type":"post","link":"https:\/\/www.egemtv.com\/?p=32484","title":{"rendered":"T\u00fcrkiye \u015fampiyonu R\u00fczgar Avrupa yolcusu"},"content":{"rendered":"<p>Giresun\u2019da d\u00fczenlenen \u015fampiyonada g\u00f6sterdi\u011fi performansla T\u00fcrkiye \u015fampiyonu olan Ayd\u0131nl\u0131 Yaman R\u00fczgar K\u0131z\u0131let, Para Y\u00fczme Avrupa Gen\u00e7ler \u015eampiyonas\u0131\u2019na kat\u0131lma hakk\u0131 kazand\u0131.<br \/>\n<br \/>T\u00fcrkiye Y\u00fczme Federasyonu taraf\u0131ndan d\u00fczenlenen Para Y\u00fczme Kul\u00fcpler Aras\u0131 T\u00fcrkiye \u015eampiyonas\u0131 ve Deaf Y\u00fczme Milli Tak\u0131m Se\u00e7meleri Giresun\u2019un ev sahipli\u011finde ger\u00e7ekle\u015ftirildi. Birbirinden yetenekli sporcular\u0131n k\u0131yas\u0131ya m\u00fccadelesine sahne olan organizasyonda Ayd\u0131n\u2019\u0131 temsil eden gen\u00e7 sporcu Yaman R\u00fczgar K\u0131z\u0131let, sergiledi\u011fi \u00fcst\u00fcn performansla S13 kategorisinde T\u00fcrkiye \u015eampiyonu olmay\u0131 ba\u015fard\u0131. Kendisinden ya\u015f\u00e7a ve tecr\u00fcbe bak\u0131m\u0131ndan daha ileri d\u00fczeydeki rakipleriyle yar\u0131\u015fan K\u0131z\u0131let, azmi, disiplini ve antrenmanlarda g\u00f6sterdi\u011fi \u00f6zverinin kar\u015f\u0131l\u0131\u011f\u0131n\u0131 alarak b\u00fcy\u00fck bir ba\u015far\u0131ya imza att\u0131.<br \/>\n<br \/>Yaln\u0131zca T\u00fcrkiye \u015eampiyonlu\u011fu ile yetinmeyen gen\u00e7 sporcu, elde etti\u011fi derecelerle Para Y\u00fczme Avrupa Gen\u00e7ler \u015eampiyonas\u0131\u2019na kat\u0131lma hakk\u0131 da kazand\u0131. Bu geli\u015fmeyle birlikte Yaman R\u00fczgar K\u0131z\u0131let, uluslararas\u0131 alanda T\u00fcrkiye\u2019yi temsil etme yolunda \u00f6nemli bir ad\u0131m atm\u0131\u015f oldu.<br \/>\n<br \/>Ba\u015far\u0131l\u0131 sporcunun bu b\u00fcy\u00fck ba\u015far\u0131s\u0131n\u0131n ard\u0131ndan Ayd\u0131n Gen\u00e7lik ve Spor \u0130l M\u00fcd\u00fcrl\u00fc\u011f\u00fc\u2019nden yap\u0131lan a\u00e7\u0131klamada &#8220;Yaman R\u00fczgar K\u0131z\u0131let\u2019in bu ba\u015far\u0131s\u0131ndan dolay\u0131 b\u00fcy\u00fck bir gurur duyuyoruz. Avrupa sahnesinde de ayn\u0131 kararl\u0131l\u0131k ve azimle m\u00fccadele ederek \u00fclkemizi en iyi \u015fekilde temsil edece\u011fine inanc\u0131m\u0131z tamd\u0131r. Gen\u00e7 sporcumuzun yolu a\u00e7\u0131k, ba\u015far\u0131lar\u0131 daim olsun&#8221; ifadeleri yer ald\u0131.<br \/><\/p>\n","protected":false},"excerpt":{"rendered":"<p>Giresun\u2019da d\u00fczenlenen \u015fampiyonada g\u00f6sterdi\u011fi performansla T\u00fcrkiye \u015fampiyonu olan Ayd\u0131nl\u0131 Yaman R\u00fczgar K\u0131z\u0131let, Para Y\u00fczme Avrupa Gen\u00e7ler \u015eampiyonas\u0131\u2019na kat\u0131lma hakk\u0131 kazand\u0131. T\u00fcrkiye Y\u00fczme Federasyonu taraf\u0131ndan d\u00fczenlenen Para Y\u00fczme Kul\u00fcpler Aras\u0131 T\u00fcrkiye \u015eampiyonas\u0131 ve Deaf Y\u00fczme Milli Tak\u0131m Se\u00e7meleri Giresun\u2019un ev sahipli\u011finde ger\u00e7ekle\u015ftirildi. Birbirinden yetenekli sporcular\u0131n k\u0131yas\u0131ya m\u00fccadelesine sahne olan organizasyonda Ayd\u0131n\u2019\u0131 temsil eden gen\u00e7 sporcu Yaman&#8230;<\/p>\n","protected":false},"author":1,"featured_media":32485,"comment_status":"open","ping_status":"open","sticky":false,"template":"","format":"standard","meta":{"_crdt_document":"","footnotes":""},"categories":[4],"tags":[],"class_list":["post-32484","post","type-post","status-publish","format-standard","has-post-thumbnail","hentry","category-spor"],"_links":{"self":[{"href":"https:\/\/www.egemtv.com\/index.php?rest_route=\/wp\/v2\/posts\/32484","targetHints":{"allow":["GET"]}}],"collection":[{"href":"https:\/\/www.egemtv.com\/index.php?rest_route=\/wp\/v2\/posts"}],"about":[{"href":"https:\/\/www.egemtv.com\/index.php?rest_route=\/wp\/v2\/types\/post"}],"author":[{"embeddable":true,"href":"https:\/\/www.egemtv.com\/index.php?rest_route=\/wp\/v2\/users\/1"}],"replies":[{"embeddable":true,"href":"https:\/\/www.egemtv.com\/index.php?rest_route=%2Fwp%2Fv2%2Fcomments&post=32484"}],"version-history":[{"count":1,"href":"https:\/\/www.egemtv.com\/index.php?rest_route=\/wp\/v2\/posts\/32484\/revisions"}],"predecessor-version":[{"id":32486,"href":"https:\/\/www.egemtv.com\/index.php?rest_route=\/wp\/v2\/posts\/32484\/revisions\/32486"}],"wp:featuredmedia":[{"embeddable":true,"href":"https:\/\/www.egemtv.com\/index.php?rest_route=\/wp\/v2\/media\/32485"}],"wp:attachment":[{"href":"https:\/\/www.egemtv.com\/index.php?rest_route=%2Fwp%2Fv2%2Fmedia&parent=32484"}],"wp:term":[{"taxonomy":"category","embeddable":true,"href":"https:\/\/www.egemtv.com\/index.php?rest_route=%2Fwp%2Fv2%2Fcategories&post=32484"},{"taxonomy":"post_tag","embeddable":true,"href":"https:\/\/www.egemtv.com\/index.php?rest_route=%2Fwp%2Fv2%2Ftags&post=32484"}],"curies":[{"name":"wp","href":"https:\/\/api.w.org\/{rel}","templated":true}]}}