{"id":32481,"date":"2025-05-30T15:56:32","date_gmt":"2025-05-30T12:56:32","guid":{"rendered":"https:\/\/www.egemtv.com\/?p=32481"},"modified":"2025-05-30T15:56:36","modified_gmt":"2025-05-30T12:56:36","slug":"denizli-icin-kuvvetli-yagis-uyarisi","status":"publish","type":"post","link":"https:\/\/www.egemtv.com\/?p=32481","title":{"rendered":"Denizli i\u00e7in kuvvetli ya\u011f\u0131\u015f uyar\u0131s\u0131"},"content":{"rendered":"<p>Denizli, Afyonkarahisar ve U\u015fak \u00e7evrelerinde yar\u0131n beklenen yerel kuvvetli ya\u011f\u0131\u015flar\u0131n neden olabilece\u011fi olumsuzluklara kar\u015f\u0131 Meteoroloji M\u00fcd\u00fcrl\u00fc\u011f\u00fc, ani sel, su bask\u0131n\u0131, y\u0131ld\u0131r\u0131m ve yerel dolu ya\u011f\u0131\u015f\u0131na kar\u015f\u0131 uyard\u0131.<br \/>\n<br \/>Meteoroloji 5. B\u00f6lge M\u00fcd\u00fcrl\u00fc\u011f\u00fc B\u00f6lge Tahmin ve Erken Uyar\u0131 Merkezinden yap\u0131lan son de\u011ferlendirmelere g\u00f6re; 31 May\u0131s 2025 Cumartesi g\u00fcn\u00fc \u00f6\u011fle saatlerinden itibaren Denizli, Afyonkarahisar ve U\u015fak \u00e7evrelerinde yerel olarak kuvvetli sa\u011fanak ve g\u00f6k g\u00fcr\u00fclt\u00fcl\u00fc sa\u011fanak ya\u011f\u0131\u015f bekleniyor. Kuvvetli ya\u011f\u0131\u015flarla birlikte ani sel, su bask\u0131n\u0131, y\u0131ld\u0131r\u0131m, yerel dolu ya\u011f\u0131\u015f\u0131, ya\u011f\u0131\u015f an\u0131nda kuvvetli r\u00fczgar ve f\u0131rt\u0131na ile ula\u015f\u0131mda aksamalar gibi olumsuzluklara kar\u015f\u0131 dikkatli ve tedbirli olunmas\u0131 istendi.<br \/>\n<br \/>Denizli, Afyonkarahisar ve U\u015fak \u00e7evrelerinde yar\u0131n saat 12.00\u2019den sonra beklenen yerel kuvvetli sa\u011fanak ya\u011f\u0131\u015flar\u0131n, a\u015fkam saat 21.00\u2019den sonra etkisinin kaybetmesinin tahmin edildi\u011fi bildirildi.<br \/><\/p>\n","protected":false},"excerpt":{"rendered":"<p>Denizli, Afyonkarahisar ve U\u015fak \u00e7evrelerinde yar\u0131n beklenen yerel kuvvetli ya\u011f\u0131\u015flar\u0131n neden olabilece\u011fi olumsuzluklara kar\u015f\u0131 Meteoroloji M\u00fcd\u00fcrl\u00fc\u011f\u00fc, ani sel, su bask\u0131n\u0131, y\u0131ld\u0131r\u0131m ve yerel dolu ya\u011f\u0131\u015f\u0131na kar\u015f\u0131 uyard\u0131. Meteoroloji 5. B\u00f6lge M\u00fcd\u00fcrl\u00fc\u011f\u00fc B\u00f6lge Tahmin ve Erken Uyar\u0131 Merkezinden yap\u0131lan son de\u011ferlendirmelere g\u00f6re; 31 May\u0131s 2025 Cumartesi g\u00fcn\u00fc \u00f6\u011fle saatlerinden itibaren Denizli, Afyonkarahisar ve U\u015fak \u00e7evrelerinde yerel&#8230;<\/p>\n","protected":false},"author":1,"featured_media":32482,"comment_status":"open","ping_status":"open","sticky":false,"template":"","format":"standard","meta":{"_crdt_document":"","footnotes":""},"categories":[1],"tags":[],"class_list":["post-32481","post","type-post","status-publish","format-standard","has-post-thumbnail","hentry","category-guncel"],"_links":{"self":[{"href":"https:\/\/www.egemtv.com\/index.php?rest_route=\/wp\/v2\/posts\/32481","targetHints":{"allow":["GET"]}}],"collection":[{"href":"https:\/\/www.egemtv.com\/index.php?rest_route=\/wp\/v2\/posts"}],"about":[{"href":"https:\/\/www.egemtv.com\/index.php?rest_route=\/wp\/v2\/types\/post"}],"author":[{"embeddable":true,"href":"https:\/\/www.egemtv.com\/index.php?rest_route=\/wp\/v2\/users\/1"}],"replies":[{"embeddable":true,"href":"https:\/\/www.egemtv.com\/index.php?rest_route=%2Fwp%2Fv2%2Fcomments&post=32481"}],"version-history":[{"count":1,"href":"https:\/\/www.egemtv.com\/index.php?rest_route=\/wp\/v2\/posts\/32481\/revisions"}],"predecessor-version":[{"id":32483,"href":"https:\/\/www.egemtv.com\/index.php?rest_route=\/wp\/v2\/posts\/32481\/revisions\/32483"}],"wp:featuredmedia":[{"embeddable":true,"href":"https:\/\/www.egemtv.com\/index.php?rest_route=\/wp\/v2\/media\/32482"}],"wp:attachment":[{"href":"https:\/\/www.egemtv.com\/index.php?rest_route=%2Fwp%2Fv2%2Fmedia&parent=32481"}],"wp:term":[{"taxonomy":"category","embeddable":true,"href":"https:\/\/www.egemtv.com\/index.php?rest_route=%2Fwp%2Fv2%2Fcategories&post=32481"},{"taxonomy":"post_tag","embeddable":true,"href":"https:\/\/www.egemtv.com\/index.php?rest_route=%2Fwp%2Fv2%2Ftags&post=32481"}],"curies":[{"name":"wp","href":"https:\/\/api.w.org\/{rel}","templated":true}]}}