{"id":32478,"date":"2025-05-30T15:36:37","date_gmt":"2025-05-30T12:36:37","guid":{"rendered":"https:\/\/www.egemtv.com\/?p=32478"},"modified":"2025-05-30T15:36:41","modified_gmt":"2025-05-30T12:36:41","slug":"universiteliler-bahar-senligi-ile-sinav-oncesi-moral-buldu","status":"publish","type":"post","link":"https:\/\/www.egemtv.com\/?p=32478","title":{"rendered":"\u00dcniversiteliler Bahar \u015eenli\u011fi ile s\u0131nav \u00f6ncesi moral buldu"},"content":{"rendered":"<p>Manisa Celal Bayar \u00dcniversitesi Rekt\u00f6rl\u00fc\u011f\u00fc taraf\u0131ndan d\u00fczenlenen Bahar \u015eenli\u011fi, bilimsel etkinliklerden k\u00fclt\u00fcrel at\u00f6lyelere, konserlerden spor m\u00fcsabakalar\u0131na kadar geni\u015f bir yelpazede ger\u00e7ekle\u015fti. \u00d6\u011frenciler hem e\u011flendi hem de s\u0131nav \u00f6ncesi moral buldu.<br \/>\n<br \/>\u0130ki g\u00fcn s\u00fcren \u015fenlikte, konserler kadar bilimsel etkinlikler, \u00f6\u011frenci topluluklar\u0131n\u0131n renkli performanslar\u0131 ve k\u00fclt\u00fcrel at\u00f6lyeler de dikkat \u00e7ekti.<br \/>\n<br \/>Etkinlikler kapsam\u0131nda \u00f6\u011frenciler taraf\u0131ndan a\u00e7\u0131lan kul\u00fcp ve tan\u0131t\u0131m stantlar\u0131n\u0131 gezen Rekt\u00f6r Prof. Dr. Rana Kibar, \u00e7al\u0131\u015fmalara dair bilgi ald\u0131 ve \u00f6\u011frenci topluluklar\u0131n\u0131 tebrik etti.<br \/>\n<br \/>Muradiye \u015eehit Prof. Dr. \u0130lhan Varank Yerle\u015fkesi Alan\u0131\u2019nda ak\u015fam d\u00fczenlenen birbirinden renkli konser organizasyonlar\u0131, \u00f6\u011frenciler i\u00e7in unutulmaz anlara sahne oldu.<br \/>\n<br \/>Manisa Celal Bayar \u00dcniversitesi merkez yerle\u015fke ve di\u011fer yerle\u015fke ve il\u00e7elerde yer alan fak\u00fclte ve meslek y\u00fcksekokullar\u0131nda da ger\u00e7ekle\u015ftirilen Bahar \u015eenlikleri; akademik ve idari personel ile \u00f6\u011frencilerin yo\u011fun kat\u0131l\u0131m\u0131yla ger\u00e7ekle\u015fti.<br \/>\n<br \/>Bahar \u015eenli\u011fi kapsam\u0131nda d\u00fczenlenen futbol, voleybol ve basketbol turnuvalar\u0131nda k\u0131yas\u0131ya m\u00fccadele ya\u015fand\u0131. Kat\u0131l\u0131mc\u0131lar aras\u0131ndaki dost\u00e7a rekabet, co\u015fkulu anlar olu\u015fturdu.<br \/>\n<br \/>Turnuvalar sonunda dereceye giren tak\u0131mlara madalya ve kupa takdim edilirken, sporla dolu bir kamp\u00fcs atmosferi olu\u015fturuldu.<br \/><\/p>\n","protected":false},"excerpt":{"rendered":"<p>Manisa Celal Bayar \u00dcniversitesi Rekt\u00f6rl\u00fc\u011f\u00fc taraf\u0131ndan d\u00fczenlenen Bahar \u015eenli\u011fi, bilimsel etkinliklerden k\u00fclt\u00fcrel at\u00f6lyelere, konserlerden spor m\u00fcsabakalar\u0131na kadar geni\u015f bir yelpazede ger\u00e7ekle\u015fti. \u00d6\u011frenciler hem e\u011flendi hem de s\u0131nav \u00f6ncesi moral buldu. \u0130ki g\u00fcn s\u00fcren \u015fenlikte, konserler kadar bilimsel etkinlikler, \u00f6\u011frenci topluluklar\u0131n\u0131n renkli performanslar\u0131 ve k\u00fclt\u00fcrel at\u00f6lyeler de dikkat \u00e7ekti. Etkinlikler kapsam\u0131nda \u00f6\u011frenciler taraf\u0131ndan a\u00e7\u0131lan kul\u00fcp ve&#8230;<\/p>\n","protected":false},"author":1,"featured_media":32479,"comment_status":"open","ping_status":"open","sticky":false,"template":"","format":"standard","meta":{"_crdt_document":"","footnotes":""},"categories":[1],"tags":[],"class_list":["post-32478","post","type-post","status-publish","format-standard","has-post-thumbnail","hentry","category-guncel"],"_links":{"self":[{"href":"https:\/\/www.egemtv.com\/index.php?rest_route=\/wp\/v2\/posts\/32478","targetHints":{"allow":["GET"]}}],"collection":[{"href":"https:\/\/www.egemtv.com\/index.php?rest_route=\/wp\/v2\/posts"}],"about":[{"href":"https:\/\/www.egemtv.com\/index.php?rest_route=\/wp\/v2\/types\/post"}],"author":[{"embeddable":true,"href":"https:\/\/www.egemtv.com\/index.php?rest_route=\/wp\/v2\/users\/1"}],"replies":[{"embeddable":true,"href":"https:\/\/www.egemtv.com\/index.php?rest_route=%2Fwp%2Fv2%2Fcomments&post=32478"}],"version-history":[{"count":1,"href":"https:\/\/www.egemtv.com\/index.php?rest_route=\/wp\/v2\/posts\/32478\/revisions"}],"predecessor-version":[{"id":32480,"href":"https:\/\/www.egemtv.com\/index.php?rest_route=\/wp\/v2\/posts\/32478\/revisions\/32480"}],"wp:featuredmedia":[{"embeddable":true,"href":"https:\/\/www.egemtv.com\/index.php?rest_route=\/wp\/v2\/media\/32479"}],"wp:attachment":[{"href":"https:\/\/www.egemtv.com\/index.php?rest_route=%2Fwp%2Fv2%2Fmedia&parent=32478"}],"wp:term":[{"taxonomy":"category","embeddable":true,"href":"https:\/\/www.egemtv.com\/index.php?rest_route=%2Fwp%2Fv2%2Fcategories&post=32478"},{"taxonomy":"post_tag","embeddable":true,"href":"https:\/\/www.egemtv.com\/index.php?rest_route=%2Fwp%2Fv2%2Ftags&post=32478"}],"curies":[{"name":"wp","href":"https:\/\/api.w.org\/{rel}","templated":true}]}}