{"id":32475,"date":"2025-05-30T15:36:31","date_gmt":"2025-05-30T12:36:31","guid":{"rendered":"https:\/\/www.egemtv.com\/?p=32475"},"modified":"2025-05-30T15:36:37","modified_gmt":"2025-05-30T12:36:37","slug":"manisada-tutunle-mucadelede-28-binden-fazla-denetim-yapildi","status":"publish","type":"post","link":"https:\/\/www.egemtv.com\/?p=32475","title":{"rendered":"Manisa\u2019da t\u00fct\u00fcnle m\u00fccadelede 28 binden fazla denetim yap\u0131ld\u0131"},"content":{"rendered":"<p>Manisa \u0130l Sa\u011fl\u0131k M\u00fcd\u00fcrl\u00fc\u011f\u00fc taraf\u0131ndan 31 May\u0131s D\u00fcnya T\u00fct\u00fcns\u00fcz G\u00fcn\u00fc kapsam\u0131nda, \u2019Sigaray\u0131 b\u0131rak, hayat\u0131n\u0131 de\u011fi\u015ftir\u2019 slogan\u0131yla \u00e7e\u015fitli etkinlikler d\u00fczenlendi. \u0130l genelinde 17 il\u00e7ede y\u00fcr\u00fct\u00fclen \u00e7al\u0131\u015fmalarda halk\u0131 bilin\u00e7lendirmeye y\u00f6nelik stantlar kurulup, bro\u015f\u00fcrler da\u011f\u0131t\u0131l\u0131rken, vatanda\u015flara karbon monoksit \u00f6l\u00e7\u00fcmleri de yap\u0131ld\u0131.<br \/>\n<br \/>Manisa \u0130l Sa\u011fl\u0131k M\u00fcd\u00fcr\u00fc Uzm. Dr. Mehmet Fatih Zeren, Halk Sa\u011fl\u0131\u011f\u0131 Hizmetleri Ba\u015fkanl\u0131\u011f\u0131 ile birlikte sigaray\u0131 b\u0131rakan bir kamu g\u00f6revlisine ba\u015far\u0131 belgesi, Sigara B\u0131rakma Poliklini\u011fi Hekimi Dr. Ay\u015fe P\u0131nar Balcan\u2019a ise te\u015fekk\u00fcr belgesi takdim etti. Etkinliklerin ard\u0131ndan Zeren ve ekipler, i\u015fletmelere ve ticari taksilere y\u00f6nelik dumans\u0131z hava sahas\u0131 denetimlerinde bulundu.<br \/>\n<br \/>Denetimler s\u0131ras\u0131nda sigara kulland\u0131\u011f\u0131n\u0131 beyan eden vatanda\u015flara karbon monoksit \u00f6l\u00e7\u00fcm\u00fc ve nikotin ba\u011f\u0131ml\u0131l\u0131k testi uyguland\u0131. Sigara b\u0131rakma polikliniklerine y\u00f6nlendirme yap\u0131larak t\u00fct\u00fcnle m\u00fccadelede bireysel destek sa\u011fland\u0131.<br \/>\n<br \/>\u0130l Sa\u011fl\u0131k M\u00fcd\u00fcr\u00fc Zeren yapt\u0131\u011f\u0131 a\u00e7\u0131klamada, &#8220;T\u00fct\u00fcn kullan\u0131m\u0131, \u00f6nlenebilir hastal\u0131k ve \u00f6l\u00fcmlerin en \u00f6nemli nedenlerinden biridir. T\u00fcrkiye\u2019de her y\u0131l yakla\u015f\u0131k 100 bin ki\u015fi t\u00fct\u00fcn kaynakl\u0131 hastal\u0131klar nedeniyle hayat\u0131n\u0131 kaybetmektedir. Toplumu pasif sigara duman\u0131n\u0131n zararlar\u0131ndan korumak b\u00fcy\u00fck \u00f6nem arz etmektedir&#8221; dedi.<br \/>\n<br \/>Manisa\u2019da 2025 y\u0131l\u0131 i\u00e7erisinde 28 bin 628 denetim ger\u00e7ekle\u015ftirildi\u011fini kaydeden Zeren, &#8220;Bu denetimlerde kapal\u0131 alanda t\u00fct\u00fcn \u00fcr\u00fcnleri t\u00fcketen ki\u015fi ve i\u015fletmelere cezai i\u015flem uyguland\u0131. Denetimler 7 g\u00fcn 24 saat esas\u0131na g\u00f6re s\u00fcrd\u00fcr\u00fcl\u00fcyor. Vatanda\u015flar\u0131m\u0131z\u0131n ALO 184, ALO 112 ya da Ye\u015fil Dedekt\u00f6r uygulamas\u0131 \u00fczerinden ihbarda bulunabilirler. Manisa\u2019da \u015fu anda 26 aktif sigara b\u0131rakma poliklini\u011fi bulunuyor. 7 poliklini\u011fin daha faaliyete ge\u00e7irilmesi i\u00e7in \u00e7al\u0131\u015fmalar s\u00fcr\u00fcyor. 2025 y\u0131l\u0131 i\u00e7inde 2 bin 446 ki\u015fi sigaray\u0131 b\u0131rakma polikliniklerine ba\u015fvuruda bulunurken, bin 861 ki\u015fiye \u00fccretsiz ila\u00e7 deste\u011fi sa\u011fland\u0131, 230 ki\u015fi ise sigaray\u0131 b\u0131rakmay\u0131 ba\u015fard\u0131.&#8221; diye konu\u015ftu.<br \/>\n<br \/>Zeren, &#8220;T\u00fct\u00fcnle m\u00fccadele, yaln\u0131zca kurumlar\u0131n de\u011fil, toplumun her kesiminin sorumlulu\u011fudur. Gelecek nesillere sa\u011fl\u0131kl\u0131 bir ya\u015fam b\u0131rakmak i\u00e7in t\u00fcm vatanda\u015flar\u0131m\u0131z\u0131 sigaray\u0131 b\u0131rakmaya davet ediyoruz&#8221; dedi.<br \/>\n<br \/>Etkinlikler kapsam\u0131nda \u015eehzadeler \u0130l\u00e7e Sa\u011fl\u0131k M\u00fcd\u00fcrl\u00fc\u011f\u00fc, Ye\u015filay \u0130l Temsilcili\u011fi ve K\u0131z\u0131lay \u0130l\u00e7e Ba\u015fkanl\u0131\u011f\u0131 ile i\u015f birli\u011fi yap\u0131larak kurulan stantlarda vatanda\u015flara Fagerstr\u00f6m testi, karbon monoksit \u00f6l\u00e7\u00fcm\u00fc ve bilgilendirme \u00e7al\u0131\u015fmalar\u0131 yap\u0131ld\u0131.<br \/><\/p>\n","protected":false},"excerpt":{"rendered":"<p>Manisa \u0130l Sa\u011fl\u0131k M\u00fcd\u00fcrl\u00fc\u011f\u00fc taraf\u0131ndan 31 May\u0131s D\u00fcnya T\u00fct\u00fcns\u00fcz G\u00fcn\u00fc kapsam\u0131nda, \u2019Sigaray\u0131 b\u0131rak, hayat\u0131n\u0131 de\u011fi\u015ftir\u2019 slogan\u0131yla \u00e7e\u015fitli etkinlikler d\u00fczenlendi. \u0130l genelinde 17 il\u00e7ede y\u00fcr\u00fct\u00fclen \u00e7al\u0131\u015fmalarda halk\u0131 bilin\u00e7lendirmeye y\u00f6nelik stantlar kurulup, bro\u015f\u00fcrler da\u011f\u0131t\u0131l\u0131rken, vatanda\u015flara karbon monoksit \u00f6l\u00e7\u00fcmleri de yap\u0131ld\u0131. Manisa \u0130l Sa\u011fl\u0131k M\u00fcd\u00fcr\u00fc Uzm. Dr. Mehmet Fatih Zeren, Halk Sa\u011fl\u0131\u011f\u0131 Hizmetleri Ba\u015fkanl\u0131\u011f\u0131 ile birlikte sigaray\u0131 b\u0131rakan&#8230;<\/p>\n","protected":false},"author":1,"featured_media":32476,"comment_status":"open","ping_status":"open","sticky":false,"template":"","format":"standard","meta":{"_crdt_document":"","footnotes":""},"categories":[2],"tags":[],"class_list":["post-32475","post","type-post","status-publish","format-standard","has-post-thumbnail","hentry","category-saglik"],"_links":{"self":[{"href":"https:\/\/www.egemtv.com\/index.php?rest_route=\/wp\/v2\/posts\/32475","targetHints":{"allow":["GET"]}}],"collection":[{"href":"https:\/\/www.egemtv.com\/index.php?rest_route=\/wp\/v2\/posts"}],"about":[{"href":"https:\/\/www.egemtv.com\/index.php?rest_route=\/wp\/v2\/types\/post"}],"author":[{"embeddable":true,"href":"https:\/\/www.egemtv.com\/index.php?rest_route=\/wp\/v2\/users\/1"}],"replies":[{"embeddable":true,"href":"https:\/\/www.egemtv.com\/index.php?rest_route=%2Fwp%2Fv2%2Fcomments&post=32475"}],"version-history":[{"count":1,"href":"https:\/\/www.egemtv.com\/index.php?rest_route=\/wp\/v2\/posts\/32475\/revisions"}],"predecessor-version":[{"id":32477,"href":"https:\/\/www.egemtv.com\/index.php?rest_route=\/wp\/v2\/posts\/32475\/revisions\/32477"}],"wp:featuredmedia":[{"embeddable":true,"href":"https:\/\/www.egemtv.com\/index.php?rest_route=\/wp\/v2\/media\/32476"}],"wp:attachment":[{"href":"https:\/\/www.egemtv.com\/index.php?rest_route=%2Fwp%2Fv2%2Fmedia&parent=32475"}],"wp:term":[{"taxonomy":"category","embeddable":true,"href":"https:\/\/www.egemtv.com\/index.php?rest_route=%2Fwp%2Fv2%2Fcategories&post=32475"},{"taxonomy":"post_tag","embeddable":true,"href":"https:\/\/www.egemtv.com\/index.php?rest_route=%2Fwp%2Fv2%2Ftags&post=32475"}],"curies":[{"name":"wp","href":"https:\/\/api.w.org\/{rel}","templated":true}]}}