{"id":32472,"date":"2025-05-30T15:17:31","date_gmt":"2025-05-30T12:17:31","guid":{"rendered":"https:\/\/www.egemtv.com\/?p=32472"},"modified":"2025-05-30T15:17:33","modified_gmt":"2025-05-30T12:17:33","slug":"kapatilan-cezaevi-yerine-park-yapilacak","status":"publish","type":"post","link":"https:\/\/www.egemtv.com\/?p=32472","title":{"rendered":"Kapat\u0131lan cezaevi yerine park yap\u0131lacak"},"content":{"rendered":"<p>Afyonkarahisar\u2019\u0131n Sand\u0131kl\u0131 il\u00e7esinde ki eski cezaevine park yap\u0131lmas\u0131 i\u00e7in \u00e7al\u0131\u015fma ba\u015flat\u0131ld\u0131.<br \/>\n<br \/>\u0130l\u00e7ede ge\u00e7ti\u011fimiz y\u0131llarda kapat\u0131lan Sand\u0131kl\u0131 Kapal\u0131 Cezaevinin yerine yap\u0131lmas\u0131 planlanan park i\u00e7in \u00e7al\u0131\u015fmalar ba\u015flad\u0131 . Konu hakk\u0131nda konu\u015fan \u015eirinevler Mahalle Muhtar\u0131 E\u015fref Y\u0131ld\u0131r\u0131m &#8220;Mahallemizdeki cezaevinin bulundu\u011fu yer cezaevinin kapat\u0131lmas\u0131 ile bo\u015f kald\u0131. Geni\u015f arazi park yap\u0131m\u0131 i\u00e7in uygun g\u00f6r\u00fcld\u00fc mahallemizin de b\u00f6yle bir parka ihtiyac\u0131 vard\u0131. Bundan sonra cezaevinin yerinde aileler zaman ge\u00e7irecek \u00e7ocuklar oyun oynayacak&#8221; dedi.<br \/><\/p>\n","protected":false},"excerpt":{"rendered":"<p>Afyonkarahisar\u2019\u0131n Sand\u0131kl\u0131 il\u00e7esinde ki eski cezaevine park yap\u0131lmas\u0131 i\u00e7in \u00e7al\u0131\u015fma ba\u015flat\u0131ld\u0131. \u0130l\u00e7ede ge\u00e7ti\u011fimiz y\u0131llarda kapat\u0131lan Sand\u0131kl\u0131 Kapal\u0131 Cezaevinin yerine yap\u0131lmas\u0131 planlanan park i\u00e7in \u00e7al\u0131\u015fmalar ba\u015flad\u0131 . Konu hakk\u0131nda konu\u015fan \u015eirinevler Mahalle Muhtar\u0131 E\u015fref Y\u0131ld\u0131r\u0131m &#8220;Mahallemizdeki cezaevinin bulundu\u011fu yer cezaevinin kapat\u0131lmas\u0131 ile bo\u015f kald\u0131. Geni\u015f arazi park yap\u0131m\u0131 i\u00e7in uygun g\u00f6r\u00fcld\u00fc mahallemizin de b\u00f6yle bir parka&#8230;<\/p>\n","protected":false},"author":1,"featured_media":32473,"comment_status":"open","ping_status":"open","sticky":false,"template":"","format":"standard","meta":{"_crdt_document":"","footnotes":""},"categories":[1],"tags":[],"class_list":["post-32472","post","type-post","status-publish","format-standard","has-post-thumbnail","hentry","category-guncel"],"_links":{"self":[{"href":"https:\/\/www.egemtv.com\/index.php?rest_route=\/wp\/v2\/posts\/32472","targetHints":{"allow":["GET"]}}],"collection":[{"href":"https:\/\/www.egemtv.com\/index.php?rest_route=\/wp\/v2\/posts"}],"about":[{"href":"https:\/\/www.egemtv.com\/index.php?rest_route=\/wp\/v2\/types\/post"}],"author":[{"embeddable":true,"href":"https:\/\/www.egemtv.com\/index.php?rest_route=\/wp\/v2\/users\/1"}],"replies":[{"embeddable":true,"href":"https:\/\/www.egemtv.com\/index.php?rest_route=%2Fwp%2Fv2%2Fcomments&post=32472"}],"version-history":[{"count":1,"href":"https:\/\/www.egemtv.com\/index.php?rest_route=\/wp\/v2\/posts\/32472\/revisions"}],"predecessor-version":[{"id":32474,"href":"https:\/\/www.egemtv.com\/index.php?rest_route=\/wp\/v2\/posts\/32472\/revisions\/32474"}],"wp:featuredmedia":[{"embeddable":true,"href":"https:\/\/www.egemtv.com\/index.php?rest_route=\/wp\/v2\/media\/32473"}],"wp:attachment":[{"href":"https:\/\/www.egemtv.com\/index.php?rest_route=%2Fwp%2Fv2%2Fmedia&parent=32472"}],"wp:term":[{"taxonomy":"category","embeddable":true,"href":"https:\/\/www.egemtv.com\/index.php?rest_route=%2Fwp%2Fv2%2Fcategories&post=32472"},{"taxonomy":"post_tag","embeddable":true,"href":"https:\/\/www.egemtv.com\/index.php?rest_route=%2Fwp%2Fv2%2Ftags&post=32472"}],"curies":[{"name":"wp","href":"https:\/\/api.w.org\/{rel}","templated":true}]}}