{"id":32469,"date":"2025-05-30T15:17:26","date_gmt":"2025-05-30T12:17:26","guid":{"rendered":"https:\/\/www.egemtv.com\/?p=32469"},"modified":"2025-05-30T15:17:31","modified_gmt":"2025-05-30T12:17:31","slug":"grevde-olan-izmir-buyuksehir-calisanlarindan-dev-yuruyus","status":"publish","type":"post","link":"https:\/\/www.egemtv.com\/?p=32469","title":{"rendered":"Grevde olan \u0130zmir B\u00fcy\u00fck\u015fehir \u00e7al\u0131\u015fanlar\u0131ndan dev y\u00fcr\u00fcy\u00fc\u015f"},"content":{"rendered":"<p>\u0130zmir B\u00fcy\u00fck\u015fehir Belediyesi ile D\u0130SK Genel-\u0130\u015f aras\u0131nda 23 bin \u00e7al\u0131\u015fan\u0131 ilgilendiren toplu i\u015f s\u00f6zle\u015fmesi g\u00f6r\u00fc\u015fmelerinde uzla\u015fma \u00e7\u0131kmamas\u0131 \u00fczerine d\u00fcn ba\u015flayan grev s\u00fcr\u00fcyor. Bu sabah d\u00fczenlenen dev y\u00fcr\u00fcy\u00fc\u015fe kat\u0131lan binlerce i\u015f\u00e7i, sloganlar atarak seslerini duyurmaya \u00e7al\u0131\u015ft\u0131.<br \/>\n<br \/>\u0130zmir B\u00fcy\u00fck\u015fehir Belediyesi ile D\u0130SK Genel-\u0130\u015f aras\u0131nda 23 bin \u00e7al\u0131\u015fan\u0131 ilgilendiren toplu i\u015f s\u00f6zle\u015fmesi g\u00f6r\u00fc\u015fmeleri t\u0131kan\u0131nca, \u0130ZELMAN, \u0130ZENERJ\u0130 ve Ege\u015fehir\u2019de \u00e7al\u0131\u015fan binlerce i\u015f\u00e7i d\u00fcn sabah greve gitti. Ba\u015fta ula\u015f\u0131m olmak \u00fczere bir\u00e7ok hizmetin durma noktas\u0131na geldi\u011fi grevin ikinci g\u00fcn\u00fcnde, i\u015f\u00e7iler bu sabah Konak Pier \u00f6n\u00fcnde topland\u0131. \u0130\u015f\u00e7iler &#8220;direne direne kazanaca\u011f\u0131z&#8221;, &#8220;sadaka de\u011fil toplu s\u00f6zle\u015fme&#8221; gibi sloganlarla seslerini duyurmaya \u00e7al\u0131\u015ft\u0131. Yolu kapatarak K\u00fclt\u00fcrpark\u2019a ilerleyen i\u015f\u00e7iler, buradan hollere do\u011fru y\u00fcr\u00fcy\u00fc\u015flerini s\u00fcrd\u00fcrd\u00fc. \u0130\u015f\u00e7ilerin \u00f6n\u00fcne emniyet ekipleri taraf\u0131ndan kesilince, bu kez G\u00fcndo\u011fdu Meydan\u0131\u2019na do\u011fru yeniden y\u00fcr\u00fcy\u00fc\u015fe ge\u00e7tiler.<br \/>\n<br \/>G\u00fcndo\u011fdu Meydan\u0131\u2019nda a\u00e7\u0131klama yapan D\u0130SK Ege B\u00f6lge Temsilcisi Memi\u015f Sar\u0131, &#8220;Bu i\u015f\u00e7iler Cumhuriyet Halk Partisi\u2019ne oy veriyor. Cumhuriyet Halk Partisi\u2019nde de grev yap\u0131yor. \u00c7\u00fcnk\u00fc i\u015f\u00e7iler hakl\u0131 m\u00fccadelesinde grev yapar. 25 y\u0131ld\u0131r y\u00f6netti\u011finiz bu kentte vapurlar \u00e7al\u0131\u015f\u0131yorsa, otob\u00fcsler \u00e7al\u0131\u015f\u0131yorsa, trenler \u00e7al\u0131\u015f\u0131yorsa \u00c7\u00f6pleriniz toplan\u0131yorsa, her t\u00fcrl\u00fc sa\u011fl\u0131k hizmeti evinize geliyorsa bloklar\u0131n\u0131z de\u011fil bu i\u015f\u00e7iler yap\u0131yor diyor. Ama buna ra\u011fmen be\u015f tane b\u00fcy\u00fck \u015firkette \u00fc\u00e7 \u015firkete 80 bin TL 90 bin TL maa\u015f vereceksiniz, Bize 45 bin liray\u0131 reva g\u00f6receksiniz. Yok \u00f6yle ya\u011fma. Pazartesi herkes ailesine s\u00f6ylesin. Ba\u015fka i\u015fte \u00e7al\u0131\u015f\u0131yorsa i\u015fe gitmesin, rapor als\u0131n. E\u015fleriniz, \u00e7ocuklar\u0131n\u0131z, ailelerinizle birlikte y\u00fczbinler \u0130zmir\u2019i k\u0131rm\u0131z\u0131ya boyayaca\u011f\u0131z. Buradan tekrar s\u00f6yl\u00fcyorum 80 bin TL\u2019ye biz imza atar\u0131z&#8221; ifadelerini kulland\u0131.<\/p>\n<p>Haklar\u0131n\u0131 talep ettiler<br \/>\n<br \/>Disk\/Genel-\u0130\u015f \u0130zmir 2 No\u2019lu \u015eube Ba\u015fkan\u0131 Ercan G\u00fcl ise &#8220;Biz bundan 5 bu\u00e7uk ay \u00f6nce toplu s\u00f6zle\u015fme masas\u0131na oturdu\u011fumuzda \u2018Gelin bu i\u015fi masada \u00e7\u00f6zelim, aksi halde sokaklarda olaca\u011f\u0131z\u2019 dedik. \u0130zmir bizim, \u0130zmir\u2019in vatanda\u015f\u0131 da biziz. Bizlere bu sefalet \u00fccreti verenleri getirenler de biziz. Biz \u0130zmirliyiz, \u0130zmir\u2019e sahip \u00e7\u0131kan emek\u00e7ileriz. Biz fazla bir hak istemiyoruz, hakk\u0131m\u0131z olan\u0131 istiyoruz. Hakk\u0131m\u0131z\u0131 alana kadar da m\u00fccadele edece\u011fiz. \u0130ki g\u00fcnd\u00fcr, \u00fcz\u00fclerek izliyoruz. \u0130zmir halk\u0131 ma\u011fdur, iki g\u00fcnd\u00fcr \u00e7ile ge\u00e7iyor. \u0130nattan m\u0131, kinden mi, nefretten mi bilmiyoruz ama iki g\u00fcnd\u00fcr halk ma\u011fdur. Ma\u011fduriyetin kayna\u011f\u0131 olarak bizi g\u00f6steriyorlar, greve gitmeden \u00f6nce de s\u00f6yledik. Bu ma\u011fduriyetin sorumlusu biz de\u011filiz, \u0130zmir B\u00fcy\u00fck\u015fehir Belediye Ba\u015fkan\u0131 ve b\u00fcrokratlar\u0131d\u0131r&#8221; diye s\u00f6yledi.<\/p>\n<p>D\u0130SK\/Genel-\u0130\u015f \u0130zmir 1 No\u2019lu \u015eube Ba\u015fkan\u0131 Engin Topal da &#8220;Sesimizin k\u0131s\u0131lmas\u0131na kimse aldanmas\u0131n. Sesin k\u0131s\u0131lmas\u0131, ba\u015flang\u0131c\u0131n tam da ortas\u0131nda oldu\u011fumuz g\u00f6sterir. Biz buradan konu\u015funca birileri al\u0131nganl\u0131k g\u00f6steriyor, daha \u00e7ok al\u0131nganl\u0131k g\u00f6sterecekler. 150 g\u00fcnd\u00fcr s\u00f6zle\u015fmeyi masada bitirmek i\u00e7in elimizden gelen t\u00fcm gayreti g\u00f6sterdik. Neden bu kadar \u00fccret istendi\u011fini kendilerine anlatt\u0131k ama her defas\u0131nda bize kulaklar\u0131n\u0131 t\u0131kad\u0131lar. Grevin ikinci g\u00fcn\u00fcne gelmenin en b\u00fcy\u00fck nedeni toplu s\u00f6zle\u015fme adab\u0131 bilmeyen belediye b\u00fcrokratlar\u0131d\u0131r. Bizi ad\u0131m ad\u0131m soka\u011fa ittiler. Toplu s\u00f6zle\u015fmenin bir adab\u0131 vard\u0131r. Masada y\u00fcr\u00fct\u00fclen toplu s\u00f6zle\u015fme bitene kadar her iki tarafa pazarl\u0131k unsuru olarak devam eder. Ama bu b\u00f6yle olmad\u0131. Tasla\u011f\u0131 emek\u00e7i arkada\u015flar\u0131m\u0131zla birlikte haz\u0131rlay\u0131p i\u015fverene verdikten sonra bizi adeta \u0130zmir halk\u0131na lin\u00e7 etmeye ba\u015flad\u0131lar. Bize maliyet hesaplamas\u0131 yap\u0131yorlar. \u015eof\u00f6rse g\u00f6mlek verdim, itfaiyeye kask, park bah\u00e7eye \u00e7izme verdim diyor ve maa\u015flar\u0131m\u0131z\u0131 214 bin TL\u2019ye kadar \u00e7\u0131kard\u0131lar. Ama a\u00e7\u0131klamalar\u0131nda bunlar\u0131 s\u00f6ylemiyorlar&#8221; diye belirtti.<\/p>\n<p>Cemil Tugay: &#8220;Sokaklarda g\u00fc\u00e7 g\u00f6sterisi ortaya koyma pe\u015finde oldu\u011funu \u00fcz\u00fclerek izliyoruz&#8221;<br \/>\n<br \/>D\u0130SK\/Genel-\u0130\u015f \u0130zmir 9 No\u2019lu \u015eube Ba\u015fkan\u0131 Sedat Kenar ise &#8220;Aln\u0131m\u0131z ak, ba\u015f\u0131m\u0131z dik. Grevimizin ikinci g\u00fcn\u00fcnde onurlu m\u00fccadelemizi s\u00fcrd\u00fcr\u00fcyoruz. G\u00fcvenlik emek\u00e7ilerine yap\u0131lanlar, bu s\u00fcre\u00e7teki tav\u0131rlar asla kabul edilemez. Bakanl\u0131ktan yetkimizi ald\u0131ktan sonra bu \u00fclkedeki kanunlar \u015funu diyor; T\u0130S i\u00e7in yetki al\u0131nm\u0131\u015fsa, bakanl\u0131k kendi dahi yetkiyi alamaz ancak bir sonraki d\u00f6nem yetki de\u011fi\u015fikli\u011fi olur. Bu \u00fclkede haks\u0131zl\u0131klara, hukuksuzluklara kar\u015f\u0131 her yerde mitingler yap\u0131yoruz. G\u00fcvenlik\u00e7ileri nas\u0131l s\u00f6zle\u015fme d\u0131\u015f\u0131na iteriz m\u00fchendisli\u011fi mi yap\u0131yorsunuz? T\u0130S s\u00fcreci \u0130zmir B\u00fcy\u00fck\u015fehir Belediye Ba\u015fkan\u0131 tarihinde ilk defa bu noktaya geldi. Hesap basit, taleplerimiz basit. Ayn\u0131 i\u015fi yapacaks\u0131n birine 10 kalem, di\u011ferine 5 kalem. O masalarda bir niyet var. 5 bu\u00e7uk ayl\u0131k ser\u00fcvenin sonunda greve \u00e7\u0131k\u0131ld\u0131ysa sorumlusu biz de\u011fil o masada oturanlard\u0131r&#8221; s\u00f6zlerini kulland\u0131.<\/p>\n<p>Ya\u015fanan s\u00f6zle\u015fme krizine dair sosyal medya hesab\u0131ndan a\u00e7\u0131klamada bulunan \u0130zmir B\u00fcy\u00fck\u015fehir Belediyesi Ba\u015fkan\u0131 Cemil Tugay &#8220;T\u0130S g\u00f6r\u00fc\u015fmelerinde d\u00fcn ne yaz\u0131k ki bir uzla\u015fmaya var\u0131lamad\u0131. Uzla\u015fma i\u00e7in yapabilece\u011fimiz \u00f6zveriyi g\u00f6sterdik ve elimizden geleni yapmaya haz\u0131r\u0131z. \u015eartlar\u0131m\u0131z\u0131 son s\u0131n\u0131r\u0131na kadar zorluyoruz. Ancak biz masa ba\u015f\u0131nda i\u00e7inde bulundu\u011fumuz \u015fartlarla ilgili anlay\u0131\u015f ve uzla\u015f\u0131 beklerken, sendika y\u00f6neticilerinin bir taraftan i\u015f\u00e7ilere ve bas\u0131na yanl\u0131\u015f bilgiler aktard\u0131\u011f\u0131n\u0131 di\u011fer taraftan sokaklarda g\u00fc\u00e7 g\u00f6sterisi ortaya koyma pe\u015finde oldu\u011funu \u00fcz\u00fclerek izliyoruz. Sendika uzla\u015fmaz tutumundan vazge\u00e7meli. Bu grev bitmeli. Geli\u015fmelere g\u00f6re teklifimizin detaylar\u0131n\u0131 kamuoyuyla payla\u015faca\u011f\u0131z&#8221; ifadelerini kulland\u0131.<br \/><\/p>\n","protected":false},"excerpt":{"rendered":"<p>\u0130zmir B\u00fcy\u00fck\u015fehir Belediyesi ile D\u0130SK Genel-\u0130\u015f aras\u0131nda 23 bin \u00e7al\u0131\u015fan\u0131 ilgilendiren toplu i\u015f s\u00f6zle\u015fmesi g\u00f6r\u00fc\u015fmelerinde uzla\u015fma \u00e7\u0131kmamas\u0131 \u00fczerine d\u00fcn ba\u015flayan grev s\u00fcr\u00fcyor. Bu sabah d\u00fczenlenen dev y\u00fcr\u00fcy\u00fc\u015fe kat\u0131lan binlerce i\u015f\u00e7i, sloganlar atarak seslerini duyurmaya \u00e7al\u0131\u015ft\u0131. \u0130zmir B\u00fcy\u00fck\u015fehir Belediyesi ile D\u0130SK Genel-\u0130\u015f aras\u0131nda 23 bin \u00e7al\u0131\u015fan\u0131 ilgilendiren toplu i\u015f s\u00f6zle\u015fmesi g\u00f6r\u00fc\u015fmeleri t\u0131kan\u0131nca, \u0130ZELMAN, \u0130ZENERJ\u0130 ve Ege\u015fehir\u2019de&#8230;<\/p>\n","protected":false},"author":1,"featured_media":32470,"comment_status":"open","ping_status":"open","sticky":false,"template":"","format":"standard","meta":{"_crdt_document":"","footnotes":""},"categories":[1],"tags":[],"class_list":["post-32469","post","type-post","status-publish","format-standard","has-post-thumbnail","hentry","category-guncel"],"_links":{"self":[{"href":"https:\/\/www.egemtv.com\/index.php?rest_route=\/wp\/v2\/posts\/32469","targetHints":{"allow":["GET"]}}],"collection":[{"href":"https:\/\/www.egemtv.com\/index.php?rest_route=\/wp\/v2\/posts"}],"about":[{"href":"https:\/\/www.egemtv.com\/index.php?rest_route=\/wp\/v2\/types\/post"}],"author":[{"embeddable":true,"href":"https:\/\/www.egemtv.com\/index.php?rest_route=\/wp\/v2\/users\/1"}],"replies":[{"embeddable":true,"href":"https:\/\/www.egemtv.com\/index.php?rest_route=%2Fwp%2Fv2%2Fcomments&post=32469"}],"version-history":[{"count":1,"href":"https:\/\/www.egemtv.com\/index.php?rest_route=\/wp\/v2\/posts\/32469\/revisions"}],"predecessor-version":[{"id":32471,"href":"https:\/\/www.egemtv.com\/index.php?rest_route=\/wp\/v2\/posts\/32469\/revisions\/32471"}],"wp:featuredmedia":[{"embeddable":true,"href":"https:\/\/www.egemtv.com\/index.php?rest_route=\/wp\/v2\/media\/32470"}],"wp:attachment":[{"href":"https:\/\/www.egemtv.com\/index.php?rest_route=%2Fwp%2Fv2%2Fmedia&parent=32469"}],"wp:term":[{"taxonomy":"category","embeddable":true,"href":"https:\/\/www.egemtv.com\/index.php?rest_route=%2Fwp%2Fv2%2Fcategories&post=32469"},{"taxonomy":"post_tag","embeddable":true,"href":"https:\/\/www.egemtv.com\/index.php?rest_route=%2Fwp%2Fv2%2Ftags&post=32469"}],"curies":[{"name":"wp","href":"https:\/\/api.w.org\/{rel}","templated":true}]}}