{"id":32466,"date":"2025-05-30T15:17:21","date_gmt":"2025-05-30T12:17:21","guid":{"rendered":"https:\/\/www.egemtv.com\/?p=32466"},"modified":"2025-05-30T15:17:25","modified_gmt":"2025-05-30T12:17:25","slug":"cevre-haftasi-etkinliklerle-kutlaniyor","status":"publish","type":"post","link":"https:\/\/www.egemtv.com\/?p=32466","title":{"rendered":"\u00c7evre Haftas\u0131 etkinliklerle kutlan\u0131yor"},"content":{"rendered":"<p>T\u00fcrkiye \u00c7evre Haftas\u0131 kapsam\u0131nda Cumhuriyet Meydan\u0131nda Atat\u00fcrk ve Milli Egemenlik An\u0131t\u0131 \u00f6n\u00fcnde t\u00f6ren d\u00fczenlendi.<br \/>\n<br \/>T\u00f6rene \u00c7evre, \u015eehircilik ve \u0130klim De\u011fi\u015fikli\u011fi \u0130l M\u00fcd\u00fcr\u00fc Faik G\u00fcrocak, Manisa Meteoroloji M\u00fcd\u00fcr\u00fc Emrullah Bayraktar, \u015eehzadeler \u0130l\u00e7e Milli E\u011fitim M\u00fcd\u00fcr\u00fc Metin Gencay, Manisa Kad\u0131n Kooperatifi Ba\u015fkan\u0131 Nilg\u00fcn Be\u015firik, \u00c7evre, \u015fube m\u00fcd\u00fcrleri ile kurum personeli ve \u00f6\u011frenciler kat\u0131ld\u0131.<br \/>\n<br \/>Sayg\u0131 duru\u015funda bulunulmas\u0131 ve \u0130stiklal Mar\u015f\u0131n\u0131n okunmas\u0131 ard\u0131ndan \u00c7evre, \u015eehircilik ve \u0130klim De\u011fi\u015fikli\u011fi \u0130l M\u00fcd\u00fcr\u00fc Faik G\u00fcrocak taraf\u0131ndan Atat\u00fcrk ve Milli Egemenlik An\u0131t\u0131\u2019na \u00e7elenk sunuldu.<br \/>\n<br \/>T\u00f6rende konu\u015fan \u0130l M\u00fcd\u00fcr\u00fc G\u00fcrocak, bu y\u0131l\u0131n temas\u0131n\u0131n &#8220;\u00c7evrene \u0130yi Bak: Plastik Kirlili\u011fi ile M\u00fccadele&#8221; oldu\u011funu s\u00f6yleyerek, &#8220;\u00c7evre kirlili\u011finde fark\u0131ndal\u0131\u011f\u0131n art\u0131r\u0131lmas\u0131 t\u00fcm d\u00fcnyada 5 Haziran D\u00fcnya \u00c7evre G\u00fcn\u00fc, i\u00e7inde bulundu\u011fumuz hafta da \u00fclkemizde T\u00fcrkiye \u00c7evre Haftas\u0131 olarak ilan edilmi\u015ftir. Bu sene \u00c7evre Haftas\u0131n\u0131 \u2019Plastik Kirlili\u011fi ile M\u00fccadele\u2019 temas\u0131 ve \u2019\u00c7evrene \u0130yi Bak\u2019 mottosuyla kutlayaca\u011f\u0131z. 1900\u2019l\u00fc y\u0131llar\u0131n ba\u015flar\u0131nda icat edilen plasti\u011fin kullan\u0131m\u0131 d\u00fcnyada ve \u00fclkemizde yayg\u0131nla\u015fm\u0131\u015ft\u0131r. Plastik kullan\u0131m\u0131n\u0131n yayg\u0131nla\u015fmas\u0131yla olu\u015fan \u00e7evre sorunu \u00f6yle b\u00fcy\u00fck hale gelmi\u015ftir ki, bug\u00fcn sekizinci k\u0131tan\u0131n okyanuslardaki plastik \u00e7\u00f6plerden olu\u015ftu\u011fu bilinmektedir. Plastik kullan\u0131m\u0131n\u0131n azalt\u0131lmas\u0131 ve plastik at\u0131klar\u0131n\u0131n \u2019S\u0131f\u0131r At\u0131k\u2019 prensibi do\u011frultusunda y\u00f6netiminin sa\u011flanmas\u0131 \u00f6nem arz etmektedir. Plastikleri m\u00fcmk\u00fcn oldu\u011funca kullanmamal\u0131, kullan\u0131m sonucu olu\u015fan plastik at\u0131klar\u0131n da \u00e7evreye geli\u015fig\u00fczel at\u0131lmas\u0131n\u0131n \u00f6n\u00fcne ge\u00e7ilmesi gerekmektedir. Plastik kirlili\u011fi ile hep birlikte m\u00fccadele ederek bizden sonraki nesillere ya\u015fanabilir bir \u00e7evre b\u0131rakabilmek i\u00e7in miras de\u011fil, emanet bilinciyle korumal\u0131y\u0131z. \u00d6yle ki, \u2019G\u00f6lgesinde otur amma, yaprak senden incinmesin. Suyundan i\u00e7ti\u011fin vakit kaynak senden incinmesin\u2019 yakla\u015f\u0131m\u0131yla \u00e7evremizi korumal\u0131y\u0131z.&#8221; dedi.<br \/>\n<br \/>Hafta etkinlikleri Manisa Cumhuriyet Meydan\u0131nda Manisa Kad\u0131n Kooperatifi Ba\u015fkan\u0131 Nilg\u00fcn Be\u015firik ve \u2019S\u0131f\u0131r At\u0131k\u2019 gurubu taraf\u0131ndan kurulan sergi ve at\u00f6lye etkinliklerinde plastik at\u0131klar\u0131n nas\u0131l de\u011ferlendirilebildi\u011fi workshop ile \u00f6\u011frencilere uygulamal\u0131 olarak anlat\u0131ld\u0131.<br \/>\n<br \/>\u00d6\u011frencilerde \u00e7evre bilinci sa\u011flanmas\u0131nda y\u00f6nelik yap\u0131lan etkinlikte \u00f6\u011frencilere ve vatanda\u015flara Manisa Orman \u0130\u015fletme M\u00fcd\u00fcrl\u00fc\u011f\u00fc taraf\u0131ndan defne fidan\u0131, \u00c7evre, \u015eehircilik ve \u0130klim De\u011fi\u015fikli\u011fi \u0130l M\u00fcd\u00fcrl\u00fc\u011f\u00fc taraf\u0131ndan ti\u015f\u00f6rt ve \u015fapka da\u011f\u0131t\u0131m\u0131 ger\u00e7ekle\u015ftirildi.<br \/><\/p>\n","protected":false},"excerpt":{"rendered":"<p>T\u00fcrkiye \u00c7evre Haftas\u0131 kapsam\u0131nda Cumhuriyet Meydan\u0131nda Atat\u00fcrk ve Milli Egemenlik An\u0131t\u0131 \u00f6n\u00fcnde t\u00f6ren d\u00fczenlendi. T\u00f6rene \u00c7evre, \u015eehircilik ve \u0130klim De\u011fi\u015fikli\u011fi \u0130l M\u00fcd\u00fcr\u00fc Faik G\u00fcrocak, Manisa Meteoroloji M\u00fcd\u00fcr\u00fc Emrullah Bayraktar, \u015eehzadeler \u0130l\u00e7e Milli E\u011fitim M\u00fcd\u00fcr\u00fc Metin Gencay, Manisa Kad\u0131n Kooperatifi Ba\u015fkan\u0131 Nilg\u00fcn Be\u015firik, \u00c7evre, \u015fube m\u00fcd\u00fcrleri ile kurum personeli ve \u00f6\u011frenciler kat\u0131ld\u0131. Sayg\u0131 duru\u015funda bulunulmas\u0131 ve&#8230;<\/p>\n","protected":false},"author":1,"featured_media":32467,"comment_status":"open","ping_status":"open","sticky":false,"template":"","format":"standard","meta":{"_crdt_document":"","footnotes":""},"categories":[1],"tags":[],"class_list":["post-32466","post","type-post","status-publish","format-standard","has-post-thumbnail","hentry","category-guncel"],"_links":{"self":[{"href":"https:\/\/www.egemtv.com\/index.php?rest_route=\/wp\/v2\/posts\/32466","targetHints":{"allow":["GET"]}}],"collection":[{"href":"https:\/\/www.egemtv.com\/index.php?rest_route=\/wp\/v2\/posts"}],"about":[{"href":"https:\/\/www.egemtv.com\/index.php?rest_route=\/wp\/v2\/types\/post"}],"author":[{"embeddable":true,"href":"https:\/\/www.egemtv.com\/index.php?rest_route=\/wp\/v2\/users\/1"}],"replies":[{"embeddable":true,"href":"https:\/\/www.egemtv.com\/index.php?rest_route=%2Fwp%2Fv2%2Fcomments&post=32466"}],"version-history":[{"count":1,"href":"https:\/\/www.egemtv.com\/index.php?rest_route=\/wp\/v2\/posts\/32466\/revisions"}],"predecessor-version":[{"id":32468,"href":"https:\/\/www.egemtv.com\/index.php?rest_route=\/wp\/v2\/posts\/32466\/revisions\/32468"}],"wp:featuredmedia":[{"embeddable":true,"href":"https:\/\/www.egemtv.com\/index.php?rest_route=\/wp\/v2\/media\/32467"}],"wp:attachment":[{"href":"https:\/\/www.egemtv.com\/index.php?rest_route=%2Fwp%2Fv2%2Fmedia&parent=32466"}],"wp:term":[{"taxonomy":"category","embeddable":true,"href":"https:\/\/www.egemtv.com\/index.php?rest_route=%2Fwp%2Fv2%2Fcategories&post=32466"},{"taxonomy":"post_tag","embeddable":true,"href":"https:\/\/www.egemtv.com\/index.php?rest_route=%2Fwp%2Fv2%2Ftags&post=32466"}],"curies":[{"name":"wp","href":"https:\/\/api.w.org\/{rel}","templated":true}]}}