{"id":32406,"date":"2025-05-30T12:37:02","date_gmt":"2025-05-30T09:37:02","guid":{"rendered":"https:\/\/www.egemtv.com\/?p=32406"},"modified":"2025-05-30T12:37:07","modified_gmt":"2025-05-30T09:37:07","slug":"kusadasi-ve-sokede-ruhsatsiz-av-tufegi-ve-tabanca-ele-gecirildi","status":"publish","type":"post","link":"https:\/\/www.egemtv.com\/?p=32406","title":{"rendered":"Ku\u015fadas\u0131 ve S\u00f6ke\u2019de ruhsats\u0131z av t\u00fcfe\u011fi ve tabanca ele ge\u00e7irildi"},"content":{"rendered":"<p>Ayd\u0131n\u2019\u0131n Ku\u015fadas\u0131 ve S\u00f6ke il\u00e7elerinde jandarma ekipleri taraf\u0131ndan yap\u0131lan devriyelerde ruhsats\u0131z av t\u00fcfekleri ve tabanca ele ge\u00e7irildi.<br \/>\n<br \/>Ku\u015fadas\u0131 ve S\u00f6ke \u0130l\u00e7e Jandarma Komutanl\u0131klar\u0131 taraf\u0131ndan Ku\u015fadas\u0131 il\u00e7esi G\u00fczel\u00e7aml\u0131 Mahallesi\u2019nde ve S\u00f6ke il\u00e7esi G\u00fczeltepe Mahallesi\u2019nde ger\u00e7ekle\u015ftirilen devriyelerde, 2 adet ruhsats\u0131z av t\u00fcfe\u011fi, 1 adet tabanca, 12 adet fi\u015fek ele ge\u00e7irildi. Yakalanan 2 \u015f\u00fcpheli hakk\u0131nda adli s\u00fcrecin devam etti\u011fi \u00f6\u011frenildi.<br \/><\/p>\n","protected":false},"excerpt":{"rendered":"<p>Ayd\u0131n\u2019\u0131n Ku\u015fadas\u0131 ve S\u00f6ke il\u00e7elerinde jandarma ekipleri taraf\u0131ndan yap\u0131lan devriyelerde ruhsats\u0131z av t\u00fcfekleri ve tabanca ele ge\u00e7irildi. Ku\u015fadas\u0131 ve S\u00f6ke \u0130l\u00e7e Jandarma Komutanl\u0131klar\u0131 taraf\u0131ndan Ku\u015fadas\u0131 il\u00e7esi G\u00fczel\u00e7aml\u0131 Mahallesi\u2019nde ve S\u00f6ke il\u00e7esi G\u00fczeltepe Mahallesi\u2019nde ger\u00e7ekle\u015ftirilen devriyelerde, 2 adet ruhsats\u0131z av t\u00fcfe\u011fi, 1 adet tabanca, 12 adet fi\u015fek ele ge\u00e7irildi. Yakalanan 2 \u015f\u00fcpheli hakk\u0131nda adli s\u00fcrecin devam&#8230;<\/p>\n","protected":false},"author":1,"featured_media":32407,"comment_status":"open","ping_status":"open","sticky":false,"template":"","format":"standard","meta":{"_crdt_document":"","footnotes":""},"categories":[5],"tags":[],"class_list":["post-32406","post","type-post","status-publish","format-standard","has-post-thumbnail","hentry","category-asayis"],"_links":{"self":[{"href":"https:\/\/www.egemtv.com\/index.php?rest_route=\/wp\/v2\/posts\/32406","targetHints":{"allow":["GET"]}}],"collection":[{"href":"https:\/\/www.egemtv.com\/index.php?rest_route=\/wp\/v2\/posts"}],"about":[{"href":"https:\/\/www.egemtv.com\/index.php?rest_route=\/wp\/v2\/types\/post"}],"author":[{"embeddable":true,"href":"https:\/\/www.egemtv.com\/index.php?rest_route=\/wp\/v2\/users\/1"}],"replies":[{"embeddable":true,"href":"https:\/\/www.egemtv.com\/index.php?rest_route=%2Fwp%2Fv2%2Fcomments&post=32406"}],"version-history":[{"count":1,"href":"https:\/\/www.egemtv.com\/index.php?rest_route=\/wp\/v2\/posts\/32406\/revisions"}],"predecessor-version":[{"id":32408,"href":"https:\/\/www.egemtv.com\/index.php?rest_route=\/wp\/v2\/posts\/32406\/revisions\/32408"}],"wp:featuredmedia":[{"embeddable":true,"href":"https:\/\/www.egemtv.com\/index.php?rest_route=\/wp\/v2\/media\/32407"}],"wp:attachment":[{"href":"https:\/\/www.egemtv.com\/index.php?rest_route=%2Fwp%2Fv2%2Fmedia&parent=32406"}],"wp:term":[{"taxonomy":"category","embeddable":true,"href":"https:\/\/www.egemtv.com\/index.php?rest_route=%2Fwp%2Fv2%2Fcategories&post=32406"},{"taxonomy":"post_tag","embeddable":true,"href":"https:\/\/www.egemtv.com\/index.php?rest_route=%2Fwp%2Fv2%2Ftags&post=32406"}],"curies":[{"name":"wp","href":"https:\/\/api.w.org\/{rel}","templated":true}]}}