{"id":32403,"date":"2025-05-30T12:36:57","date_gmt":"2025-05-30T09:36:57","guid":{"rendered":"https:\/\/www.egemtv.com\/?p=32403"},"modified":"2025-05-30T12:37:02","modified_gmt":"2025-05-30T09:37:02","slug":"asev-ogrencilerinden-gorkemli-kapanis","status":"publish","type":"post","link":"https:\/\/www.egemtv.com\/?p=32403","title":{"rendered":"ASEV \u00f6\u011frencilerinden g\u00f6rkemli kapan\u0131\u015f"},"content":{"rendered":"<p>Alia\u011fa Belediyesi Sanatevi (ASEV), y\u0131l sonu etkinlikleri kapsam\u0131nda hafta boyunca sanat f\u0131rt\u0131nas\u0131 estirdi. 23-29 May\u0131s tarihleri aras\u0131nda Ula\u015f Bayam A\u00e7\u0131khava Tiyatrosu\u2019nda d\u00fczenlenen etkinlikler, izleyicilere sanat\u0131n t\u00fcm renklerini bir arada sundu. Tiyatrodan m\u00fczi\u011fe kadar her ya\u015ftan izleyiciye hitap eden etkinlikler, ASEV \u00f6\u011frencilerinin dans g\u00f6sterileriyle muhte\u015fem bir final yapt\u0131.<\/p>\n<p>Sahne \u0131\u015f\u0131klar\u0131 &#8220;5 dakikada \u00fcnl\u00fc&#8221; ile yand\u0131<br \/>\n<br \/>Sanat haftas\u0131n\u0131n a\u00e7\u0131l\u0131\u015f\u0131n\u0131 23 May\u0131s Cuma ak\u015fam\u0131 ALBET Yeti\u015fkin Tiyatro Toplulu\u011fu yapt\u0131. Sanat y\u00f6netmenli\u011fini Demet Bozkurt\u2019un \u00fcstlendi\u011fi, m\u00fczikleri Knees Up grubuna ait &#8220;5 Dakikada \u00dcnl\u00fc&#8221; isimli \u00e7arp\u0131c\u0131 oyun, modern \u00e7a\u011f\u0131n &#8220;\u00fcnl\u00fc olma&#8221; saplant\u0131s\u0131n\u0131 mizahi ve ele\u015ftirel bir dille sahneye ta\u015f\u0131d\u0131. \u0130zleyicileri hem d\u00fc\u015f\u00fcnd\u00fcren hem g\u00fcld\u00fcren oyun, y\u0131l sonu etkinliklerine g\u00fc\u00e7l\u00fc bir ba\u015flang\u0131\u00e7 sundu.<\/p>\n<p>T\u00fcrk M\u00fczi\u011finin na\u011fmeleri g\u00f6n\u00fclleri mest etti<br \/>\n<br \/>\u0130kinci ak\u015fam\u0131n sahibi ASEV T\u00fcrk Sanat M\u00fczi\u011fi Korosu oldu. \u015eef Bar\u0131\u015f Do\u011fan y\u00f6netimindeki koro, Zekai Tunca\u2019n\u0131n \u00f6l\u00fcms\u00fcz eserleriyle ba\u015flay\u0131p &#8220;Bir Demet Nostalji&#8221; temas\u0131yla ge\u00e7mi\u015ften g\u00fcn\u00fcm\u00fcze uzanan duygusal bir m\u00fczik ser\u00fcveni ya\u015fatt\u0131.<\/p>\n<p>&#8220;Hanegiller 2&#8221; sahneye ne\u015fe ta\u015f\u0131d\u0131<br \/>\n<br \/>Sanat dolu haftan\u0131n \u00fc\u00e7\u00fcnc\u00fc g\u00fcn\u00fcnde sahne bu kez gen\u00e7leri a\u011f\u0131rlad\u0131. ASEV sanat y\u00f6netmeni evrim Ya\u015far\u2019\u0131n yaz\u0131p y\u00f6netti\u011fi &#8220;Hanegiller 2: Tad\u0131 Tuzu Ka\u00e7\u0131klar&#8221; adl\u0131 oyun ALBET Gen\u00e7lik Tiyatrosu\u2019nun gen\u00e7 yetenekleri ile sahneye ta\u015f\u0131nd\u0131. Renkli kost\u00fcmler, canl\u0131 diyaloglar ve ne\u015feli sahne ge\u00e7i\u015fleriyle zenginle\u015fen oyun, minik sanatseverlerden b\u00fcy\u00fck alk\u0131\u015f toplad\u0131.<\/p>\n<p>Alia\u011fa\u2019da m\u00fczi\u011fin kalbinde bir ak\u015fam<br \/>\n<br \/>ASEV M\u00fczik Gecesi, m\u00fczi\u011fin co\u015fkusuyla sahneyi \u015f\u00f6lene d\u00f6n\u00fc\u015ft\u00fcrd\u00fc. Gecede ud ve darbuka kursiyerleri, klarnet, keman, viyola, keyboard, bateri, piyano, soprano saksafon, yan fl\u00fct ve daha bir\u00e7ok enstr\u00fcmanla sahnelenen performanslar yer ald\u0131. ASEV e\u011fitmenler orkestras\u0131n\u0131n etkileyici yorumlar\u0131 ise geceye ayr\u0131 bir renk katt\u0131.<\/p>\n<p>G\u00f6rkemli dans g\u00f6sterileriyle sanat haftas\u0131 sona erdi<br \/>\n<br \/>Sanat dolu hafta, ASEV Dans Gecesi ile ta\u00e7land\u0131. Bale kursu \u00f6\u011frencileri, e\u011fitmen Ay\u015fin Can\u2019\u0131n koreografisiyle tiyatral bir bale g\u00f6sterisine imza atarken, halk danslar\u0131 e\u011fitmenleri Ahmet \u0130lker \u015eenol ve Serkan K\u0131l\u0131\u00e7o\u011flu\u2019nun rehberli\u011findeki ekipler sahnede k\u00fclt\u00fcrel zenginli\u011fimizi yans\u0131tt\u0131. Berkan Be\u015f\u00e7\u0131nar\u2019\u0131n y\u00f6netti\u011fi modern dans g\u00f6sterileri ise izleyicilere<br \/>\n<br \/>\u00e7a\u011fda\u015f sanat\u0131n estetik dokunu\u015flar\u0131n\u0131 sundu.<\/p>\n<p>Alia\u011fa Belediye Ba\u015fkan\u0131 Serkan Acar: &#8220;\u00c7ocuklar\u0131m\u0131z sahnede sergiledikleri \u00f6zg\u00fcvenle gelece\u011fe dair umut verdiler&#8221;<br \/>\n<br \/>Program sonunda sahneye davet edilen Alia\u011fa Belediye Ba\u015fkan\u0131 Serkan Acar, gecede eme\u011fi ge\u00e7en e\u011fitmenlere, kursiyerlere ve ailelere \u015fu s\u00f6zlerle te\u015fekk\u00fcr etti: &#8220;Alia\u011fa Belediyesi Sanatevimizin y\u0131l sonu g\u00f6sterileri kapsam\u0131nda bug\u00fcn dans gruplar\u0131m\u0131zla birlikteydik. Bu g\u00fczel g\u00f6steri i\u00e7in \u00e7ocuklar\u0131m\u0131za, yeti\u015fkin kursiyerlerimize, b\u00fcy\u00fck emek harcayan k\u0131ymetli e\u011fitmenlerimize ve kursiyerlerimizi yaln\u0131z b\u0131rakmayan de\u011ferli ailelerine y\u00fcrekten te\u015fekk\u00fcr ediyorum. Bug\u00fcn sadece bir dans g\u00f6sterisi izlemedik; \u00e7ocuklar\u0131m\u0131z sahnede sergiledikleri \u00f6zg\u00fcvenle gelece\u011fe dair umut verdiler. \u2018Biz buraday\u0131z ve gelece\u011fin teminat\u0131y\u0131z\u2019 mesaj\u0131n\u0131 g\u00fc\u00e7l\u00fc bir \u015fekilde verdiler. Onlarla bir kez daha gurur duydum&#8221;<br \/>\n<br \/>ASEV final gecesi t\u00fcm \u00f6\u011frenci ve \u00f6\u011fretmenlerin sahnede hep birlikte ger\u00e7ekle\u015ftirdikleri bayrak \u015fov ile son buldu.<br \/><\/p>\n","protected":false},"excerpt":{"rendered":"<p>Alia\u011fa Belediyesi Sanatevi (ASEV), y\u0131l sonu etkinlikleri kapsam\u0131nda hafta boyunca sanat f\u0131rt\u0131nas\u0131 estirdi. 23-29 May\u0131s tarihleri aras\u0131nda Ula\u015f Bayam A\u00e7\u0131khava Tiyatrosu\u2019nda d\u00fczenlenen etkinlikler, izleyicilere sanat\u0131n t\u00fcm renklerini bir arada sundu. Tiyatrodan m\u00fczi\u011fe kadar her ya\u015ftan izleyiciye hitap eden etkinlikler, ASEV \u00f6\u011frencilerinin dans g\u00f6sterileriyle muhte\u015fem bir final yapt\u0131. Sahne \u0131\u015f\u0131klar\u0131 &#8220;5 dakikada \u00fcnl\u00fc&#8221; ile yand\u0131 Sanat&#8230;<\/p>\n","protected":false},"author":1,"featured_media":32404,"comment_status":"open","ping_status":"open","sticky":false,"template":"","format":"standard","meta":{"_crdt_document":"","footnotes":""},"categories":[1],"tags":[],"class_list":["post-32403","post","type-post","status-publish","format-standard","has-post-thumbnail","hentry","category-guncel"],"_links":{"self":[{"href":"https:\/\/www.egemtv.com\/index.php?rest_route=\/wp\/v2\/posts\/32403","targetHints":{"allow":["GET"]}}],"collection":[{"href":"https:\/\/www.egemtv.com\/index.php?rest_route=\/wp\/v2\/posts"}],"about":[{"href":"https:\/\/www.egemtv.com\/index.php?rest_route=\/wp\/v2\/types\/post"}],"author":[{"embeddable":true,"href":"https:\/\/www.egemtv.com\/index.php?rest_route=\/wp\/v2\/users\/1"}],"replies":[{"embeddable":true,"href":"https:\/\/www.egemtv.com\/index.php?rest_route=%2Fwp%2Fv2%2Fcomments&post=32403"}],"version-history":[{"count":1,"href":"https:\/\/www.egemtv.com\/index.php?rest_route=\/wp\/v2\/posts\/32403\/revisions"}],"predecessor-version":[{"id":32405,"href":"https:\/\/www.egemtv.com\/index.php?rest_route=\/wp\/v2\/posts\/32403\/revisions\/32405"}],"wp:featuredmedia":[{"embeddable":true,"href":"https:\/\/www.egemtv.com\/index.php?rest_route=\/wp\/v2\/media\/32404"}],"wp:attachment":[{"href":"https:\/\/www.egemtv.com\/index.php?rest_route=%2Fwp%2Fv2%2Fmedia&parent=32403"}],"wp:term":[{"taxonomy":"category","embeddable":true,"href":"https:\/\/www.egemtv.com\/index.php?rest_route=%2Fwp%2Fv2%2Fcategories&post=32403"},{"taxonomy":"post_tag","embeddable":true,"href":"https:\/\/www.egemtv.com\/index.php?rest_route=%2Fwp%2Fv2%2Ftags&post=32403"}],"curies":[{"name":"wp","href":"https:\/\/api.w.org\/{rel}","templated":true}]}}