{"id":32388,"date":"2025-05-30T11:15:53","date_gmt":"2025-05-30T08:15:53","guid":{"rendered":"https:\/\/www.egemtv.com\/?p=32388"},"modified":"2025-05-30T11:15:57","modified_gmt":"2025-05-30T08:15:57","slug":"salihlide-cocuk-ve-gencler-bu-yaz-spora-doyacak","status":"publish","type":"post","link":"https:\/\/www.egemtv.com\/?p=32388","title":{"rendered":"Salihli\u2019de \u00e7ocuk ve gen\u00e7ler bu yaz spora doyacak"},"content":{"rendered":"<p>Manisa\u2019n\u0131n Salihli il\u00e7esindeki Gen\u00e7lik ve Spor M\u00fcd\u00fcrl\u00fc\u011f\u00fc, \u00e7ocuk ve gen\u00e7lerin yaz tatilini iyi de\u011ferlendirebilmeleri i\u00e7in yaz d\u00f6neminde &#8220;Haydi Spora&#8221; slogan\u0131yla ger\u00e7ekle\u015fecek yaz spor okullar\u0131nda 14 farkl\u0131 bran\u015fta \u00fccretsiz kurs a\u00e7acak.<br \/>\n<br \/>Salihli\u2019de ya\u015fayan \u00e7ocuk ve gen\u00e7lerin bili\u015fsel ve sportif geli\u015fimleri ile sosyalle\u015fmelerine katk\u0131 sa\u011flayarak yeteneklerini ortaya \u00e7\u0131karmak amac\u0131yla sunulan yaz spor okullar\u0131 \u00e7er\u00e7evesinde atletizm, hokey, basketbol, judo, cimnastik, ok\u00e7uluk, dart, tenis, floor curling, voleybol, futbol, g\u00fcre\u015f, hentbol ve y\u00fczme bran\u015flar\u0131nda kurslar verilecek.<br \/>\n<br \/>Alan\u0131nda uzman antren\u00f6rler e\u015fli\u011finde verilecek olan \u00fccretsiz e\u011fitimlere 5-18 ya\u015f aras\u0131ndaki \u00e7ocuk ve gen\u00e7lerin kat\u0131labilece\u011fini belirten Salihli \u0130l\u00e7e Gen\u00e7lik ve Spor M\u00fcd\u00fcr\u00fc Oktay Ayaz, ba\u015fvurular\u0131n ise Ramiz Turan Spor Kompleksi ve 50.Y\u0131l Ortaokulu Spor Salonu\u2019nda yap\u0131ld\u0131\u011f\u0131n\u0131 s\u00f6yledi.<br \/>\n<br \/>Salihli\u2019de yaz spor okullar\u0131na \u00f6nem verdiklerini belirten Ayaz, &#8220;Amac\u0131m\u0131z yaz tatilinde binlerce \u00e7ocuk ve gencimizi sporla bulu\u015fturmak ve onlar\u0131n fiziksel ve sosyal geli\u015fimlerine katk\u0131 sa\u011flamakt\u0131r&#8221; dedi.<br \/><\/p>\n","protected":false},"excerpt":{"rendered":"<p>Manisa\u2019n\u0131n Salihli il\u00e7esindeki Gen\u00e7lik ve Spor M\u00fcd\u00fcrl\u00fc\u011f\u00fc, \u00e7ocuk ve gen\u00e7lerin yaz tatilini iyi de\u011ferlendirebilmeleri i\u00e7in yaz d\u00f6neminde &#8220;Haydi Spora&#8221; slogan\u0131yla ger\u00e7ekle\u015fecek yaz spor okullar\u0131nda 14 farkl\u0131 bran\u015fta \u00fccretsiz kurs a\u00e7acak. Salihli\u2019de ya\u015fayan \u00e7ocuk ve gen\u00e7lerin bili\u015fsel ve sportif geli\u015fimleri ile sosyalle\u015fmelerine katk\u0131 sa\u011flayarak yeteneklerini ortaya \u00e7\u0131karmak amac\u0131yla sunulan yaz spor okullar\u0131 \u00e7er\u00e7evesinde atletizm, hokey, basketbol,&#8230;<\/p>\n","protected":false},"author":1,"featured_media":32389,"comment_status":"open","ping_status":"open","sticky":false,"template":"","format":"standard","meta":{"_crdt_document":"","footnotes":""},"categories":[4],"tags":[],"class_list":["post-32388","post","type-post","status-publish","format-standard","has-post-thumbnail","hentry","category-spor"],"_links":{"self":[{"href":"https:\/\/www.egemtv.com\/index.php?rest_route=\/wp\/v2\/posts\/32388","targetHints":{"allow":["GET"]}}],"collection":[{"href":"https:\/\/www.egemtv.com\/index.php?rest_route=\/wp\/v2\/posts"}],"about":[{"href":"https:\/\/www.egemtv.com\/index.php?rest_route=\/wp\/v2\/types\/post"}],"author":[{"embeddable":true,"href":"https:\/\/www.egemtv.com\/index.php?rest_route=\/wp\/v2\/users\/1"}],"replies":[{"embeddable":true,"href":"https:\/\/www.egemtv.com\/index.php?rest_route=%2Fwp%2Fv2%2Fcomments&post=32388"}],"version-history":[{"count":1,"href":"https:\/\/www.egemtv.com\/index.php?rest_route=\/wp\/v2\/posts\/32388\/revisions"}],"predecessor-version":[{"id":32390,"href":"https:\/\/www.egemtv.com\/index.php?rest_route=\/wp\/v2\/posts\/32388\/revisions\/32390"}],"wp:featuredmedia":[{"embeddable":true,"href":"https:\/\/www.egemtv.com\/index.php?rest_route=\/wp\/v2\/media\/32389"}],"wp:attachment":[{"href":"https:\/\/www.egemtv.com\/index.php?rest_route=%2Fwp%2Fv2%2Fmedia&parent=32388"}],"wp:term":[{"taxonomy":"category","embeddable":true,"href":"https:\/\/www.egemtv.com\/index.php?rest_route=%2Fwp%2Fv2%2Fcategories&post=32388"},{"taxonomy":"post_tag","embeddable":true,"href":"https:\/\/www.egemtv.com\/index.php?rest_route=%2Fwp%2Fv2%2Ftags&post=32388"}],"curies":[{"name":"wp","href":"https:\/\/api.w.org\/{rel}","templated":true}]}}